{"id":7058,"date":"2015-12-02T00:00:00","date_gmt":"2015-12-02T00:00:00","guid":{"rendered":"https:\/\/pre.madridemprende.anovagroup.es\/noticias\/nuevo-xito-en-el-encuentro-comercial-negocios-networking\/"},"modified":"2022-06-08T11:28:02","modified_gmt":"2022-06-08T09:28:02","slug":"nuevo-xito-en-el-encuentro-comercial-negocios-networking","status":"publish","type":"noticias","link":"https:\/\/test.madridemprende.anovagroup.es\/en\/noticias\/nuevo-xito-en-el-encuentro-comercial-negocios-networking\/","title":{"rendered":"Nuevo \u00e9xito en el Encuentro Comercial negocios &#038; networking"},"content":{"rendered":"<p>Este evento se conforma como un encuentro \u00fanico a nivel nacional que ofrece oportunidades de venta, multitud de opciones de networking, talleres pr\u00e1cticos, presentaciones de productos y diversos servicios de empresas y entidades con stands propios.<\/p>\n<p>La jornada fue inaugurada por Concha D\u00edaz de Villegas, Directora General de Comercio y Emprendimiento del <a href=\\\"http:\/\/www.madrid.es\/portales\/munimadrid\/es\/Inicio?vgnextfmt=default&#038;vgnextchannel=1ccd566813946010VgnVCM100000dc0ca8c0RCRD\\\">Ayuntamiento de Madrid<\/a>, que calific\u00f3 el evento como \u201cuna perfecta expresi\u00f3n de lo que se quiere conseguir desde el Ayuntamiento\u201d.<\/p>\n<p>Tambi\u00e9n quiso destacar la gran importancia que se le otorga al comercio, que se establece como un sector fundamental para la generaci\u00f3n de empleo y la creaci\u00f3n de oportunidades de emprendimiento. Por ello, la Direcci\u00f3n General de Comercio y Emprendimiento dispone de servicios de consulta e informaci\u00f3n en la Red de <a href=\\\"\/es\/emprendedores\/espacios-para-emprendedores\/viveros-de-empresas\\\">Viveros de Empresas<\/a> as\u00ed como en sus propias oficinas.<\/p>\n<p>Al evento asistieron m\u00e1s de 800 personas, se concertaron alrededor de 600 reuniones bilaterales y se pudo asistir a 13 conferencias. Todo con el objetivo de ofrecer a las pymes asistentes\u00a0 la oportunidad de crear alianzas y enriquecer los servicios que ofrecen.<\/p>\n","protected":false},"excerpt":{"rendered":"<p>Este evento se conforma como un encuentro \u00fanico a nivel nacional que ofrece&#8230;<\/p>\n","protected":false},"featured_media":7059,"template":"","meta":{"_acf_changed":false},"categories":[],"noticias":[],"class_list":["post-7058","noticias","type-noticias","status-publish","has-post-thumbnail","hentry"],"acf":[],"_links":{"self":[{"href":"https:\/\/test.madridemprende.anovagroup.es\/en\/wp-json\/wp\/v2\/noticias\/7058"}],"collection":[{"href":"https:\/\/test.madridemprende.anovagroup.es\/en\/wp-json\/wp\/v2\/noticias"}],"about":[{"href":"https:\/\/test.madridemprende.anovagroup.es\/en\/wp-json\/wp\/v2\/types\/noticias"}],"version-history":[{"count":0,"href":"https:\/\/test.madridemprende.anovagroup.es\/en\/wp-json\/wp\/v2\/noticias\/7058\/revisions"}],"wp:featuredmedia":[{"embeddable":true,"href":"https:\/\/test.madridemprende.anovagroup.es\/en\/wp-json\/wp\/v2\/media\/7059"}],"wp:attachment":[{"href":"https:\/\/test.madridemprende.anovagroup.es\/en\/wp-json\/wp\/v2\/media?parent=7058"}],"wp:term":[{"taxonomy":"category","embeddable":true,"href":"https:\/\/test.madridemprende.anovagroup.es\/en\/wp-json\/wp\/v2\/categories?post=7058"},{"taxonomy":"noticias","embeddable":true,"href":"https:\/\/test.madridemprende.anovagroup.es\/en\/wp-json\/wp\/v2\/noticias?post=7058"}],"curies":[{"name":"wp","href":"https:\/\/api.w.org\/{rel}","templated":true}]}}