{"id":7060,"date":"2015-12-03T00:00:00","date_gmt":"2015-12-03T00:00:00","guid":{"rendered":"https:\/\/pre.madridemprende.anovagroup.es\/noticias\/comercio-y-emprendimiento-en-ficod-2015\/"},"modified":"2022-06-08T11:28:02","modified_gmt":"2022-06-08T09:28:02","slug":"comercio-y-emprendimiento-en-ficod-2015","status":"publish","type":"noticias","link":"https:\/\/test.madridemprende.anovagroup.es\/en\/noticias\/comercio-y-emprendimiento-en-ficod-2015\/","title":{"rendered":"Comercio y Emprendimiento en FICOD 2015"},"content":{"rendered":"<p>Incluido en el marco de talleres y conferencias complementarias que se han ofrecido durante los tres d\u00edas que dura <a href=\\\"https:\/\/ficod.es\/\\\">FICOD<\/a>, la Direcci\u00f3n General de Comercio y Emprendimiento dio una conferencia en la que comparti\u00f3 con los asistentes todos los servicios e instalaciones que desde el Ayuntamiento se ofrecen a los que desean comenzar un nuevo proyecto empresarial.<\/p>\n<p>Adem\u00e1s, representantes de 4 empresas que se han beneficiado de los servicios de la Red de Viveros acudieron para compartir su experiencia y c\u00f3mo \u00e9stos hab\u00edan marcado de forma radical el camino de sus proyectos. Las empresas que nos acompa\u00f1aron fueron <a href=\\\"http:\/\/www.ambiser.es\/\\\">Ambiser<\/a>, <a href=\\\"http:\/\/www.evil-mind.com\/es\/\\\">Evil Mind<\/a>, <a href=\\\"http:\/\/www.milingual.com\/\\\">Milingual<\/a> y <a href=\\\"http:\/\/www.madext.com\/\\\">Madext<\/a>.<\/p>\n<p>Entre otras cosas, los viveristas destacaron lo interesante que resulta el hecho de estar integrados dentro de un entorno emprendedor, en el que pueden compartir inquietudes, ideas y dificultades con otras startups as\u00ed como el continuo apoyo y mentoring que desde el propio Vivero se les presta.<\/p>\n","protected":false},"excerpt":{"rendered":"<p>Incluido en el marco de talleres y conferencias complementarias que se han&#8230;<\/p>\n","protected":false},"featured_media":7061,"template":"","meta":{"_acf_changed":false},"categories":[],"noticias":[],"class_list":["post-7060","noticias","type-noticias","status-publish","has-post-thumbnail","hentry"],"acf":[],"_links":{"self":[{"href":"https:\/\/test.madridemprende.anovagroup.es\/en\/wp-json\/wp\/v2\/noticias\/7060"}],"collection":[{"href":"https:\/\/test.madridemprende.anovagroup.es\/en\/wp-json\/wp\/v2\/noticias"}],"about":[{"href":"https:\/\/test.madridemprende.anovagroup.es\/en\/wp-json\/wp\/v2\/types\/noticias"}],"version-history":[{"count":0,"href":"https:\/\/test.madridemprende.anovagroup.es\/en\/wp-json\/wp\/v2\/noticias\/7060\/revisions"}],"wp:featuredmedia":[{"embeddable":true,"href":"https:\/\/test.madridemprende.anovagroup.es\/en\/wp-json\/wp\/v2\/media\/7061"}],"wp:attachment":[{"href":"https:\/\/test.madridemprende.anovagroup.es\/en\/wp-json\/wp\/v2\/media?parent=7060"}],"wp:term":[{"taxonomy":"category","embeddable":true,"href":"https:\/\/test.madridemprende.anovagroup.es\/en\/wp-json\/wp\/v2\/categories?post=7060"},{"taxonomy":"noticias","embeddable":true,"href":"https:\/\/test.madridemprende.anovagroup.es\/en\/wp-json\/wp\/v2\/noticias?post=7060"}],"curies":[{"name":"wp","href":"https:\/\/api.w.org\/{rel}","templated":true}]}}