{"id":7062,"date":"2015-12-09T00:00:00","date_gmt":"2015-12-09T00:00:00","guid":{"rendered":"https:\/\/pre.madridemprende.anovagroup.es\/noticias\/el-coro-de-jvenes-de-madrid-en-el-mercado-de-prosperidad\/"},"modified":"2022-06-08T11:28:01","modified_gmt":"2022-06-08T09:28:01","slug":"el-coro-de-jvenes-de-madrid-en-el-mercado-de-prosperidad","status":"publish","type":"noticias","link":"https:\/\/test.madridemprende.anovagroup.es\/en\/noticias\/el-coro-de-jvenes-de-madrid-en-el-mercado-de-prosperidad\/","title":{"rendered":"El Coro de J\u00f3venes de Madrid en el mercado de Prosperidad"},"content":{"rendered":"<p>La Asociaci\u00f3n Juvenil Coro de J\u00f3venes de Madrid, que este a\u00f1o colabora con la Direcci\u00f3n General de Comercio y Emprendimiento, ofrece diversos conciertos en los mercados municipales de Madrid dentro de la programaci\u00f3n de coros y conciertos de la Campa\u00f1a de Navidad.<br \/>El pasado d\u00eda 9 de diciembre tuvo lugar el primero de los conciertos ofrecido por el Coro de J\u00f3venes de Madrid en en reci\u00e9n reabierto mercado de Prosperidad.<\/p>\n<p><a href=\\\"\/images\/public\/source\/MERCADOS\/NAVIDAD 2015 IMAGENES\/VID-20151209-WA0000.mp4\\\" target=\\\"_blank\\\">Video concierto 9 de diciembre de 2015 del Coro de J\u00f3venes de Madrid en el Mercado de Prosperidad<\/p>\n<p><\/a><\/p>\n","protected":false},"excerpt":{"rendered":"<p>La Asociaci\u00f3n Juvenil Coro de J\u00f3venes de Madrid, que este a\u00f1o colabora con&#8230;<\/p>\n","protected":false},"featured_media":7063,"template":"","meta":{"_acf_changed":false},"categories":[],"noticias":[],"class_list":["post-7062","noticias","type-noticias","status-publish","has-post-thumbnail","hentry"],"acf":[],"_links":{"self":[{"href":"https:\/\/test.madridemprende.anovagroup.es\/en\/wp-json\/wp\/v2\/noticias\/7062"}],"collection":[{"href":"https:\/\/test.madridemprende.anovagroup.es\/en\/wp-json\/wp\/v2\/noticias"}],"about":[{"href":"https:\/\/test.madridemprende.anovagroup.es\/en\/wp-json\/wp\/v2\/types\/noticias"}],"version-history":[{"count":0,"href":"https:\/\/test.madridemprende.anovagroup.es\/en\/wp-json\/wp\/v2\/noticias\/7062\/revisions"}],"wp:featuredmedia":[{"embeddable":true,"href":"https:\/\/test.madridemprende.anovagroup.es\/en\/wp-json\/wp\/v2\/media\/7063"}],"wp:attachment":[{"href":"https:\/\/test.madridemprende.anovagroup.es\/en\/wp-json\/wp\/v2\/media?parent=7062"}],"wp:term":[{"taxonomy":"category","embeddable":true,"href":"https:\/\/test.madridemprende.anovagroup.es\/en\/wp-json\/wp\/v2\/categories?post=7062"},{"taxonomy":"noticias","embeddable":true,"href":"https:\/\/test.madridemprende.anovagroup.es\/en\/wp-json\/wp\/v2\/noticias?post=7062"}],"curies":[{"name":"wp","href":"https:\/\/api.w.org\/{rel}","templated":true}]}}