{"id":7068,"date":"2015-12-16T00:00:00","date_gmt":"2015-12-16T00:00:00","guid":{"rendered":"https:\/\/pre.madridemprende.anovagroup.es\/noticias\/el-mercado-de-san-antn-celebra-la-navidad-con-la-exposicin-la-comida-en-los-cuentos\/"},"modified":"2022-06-08T11:28:01","modified_gmt":"2022-06-08T09:28:01","slug":"el-mercado-de-san-antn-celebra-la-navidad-con-la-exposicin-la-comida-en-los-cuentos","status":"publish","type":"noticias","link":"https:\/\/test.madridemprende.anovagroup.es\/en\/noticias\/el-mercado-de-san-antn-celebra-la-navidad-con-la-exposicin-la-comida-en-los-cuentos\/","title":{"rendered":"El Mercado de San Ant\u00f3n celebra la Navidad con la exposici\u00f3n \u00abLa Comida en los Cuentos \u00ab"},"content":{"rendered":"<p><\/p>\n<div style=\\\"text-align: justify;\\\"><em>Un viaje al pa\u00eds de los cuentos de la mano de \\\u00bbun mercado de cuento\\\u00bb#unmercadodecuento<\/em><\/div>\n<div style=\\\"text-align: justify;\\\">El mercado municipal de San Ant\u00f3n se transforma en un mercado de cuento, donde grandes y peque\u00f1os podr\u00e1n sentirse protagonistas de un viaje gastron\u00f3mico por los cuentos de \\\u00bbHansel y Gretel\\\u00bb, \\\u00bbCaperucita Roja\\\u00bb y \\\u00bbAlicia en el Pa\u00eds de las Maravillas\\\u00bb.<\/div>\n<div style=\\\"text-align: justify;\\\">El mercado cuenta con una exposici\u00f3n de platos ilustrados por el artista Eduardo Mas\u00edas y con un photocall para que ni\u00f1os y mayores se sientan como Alicia en el Pa\u00eds de las Maravillas.<\/div>\n<div style=\\\"text-align: justify;\\\">La entrada est\u00e1 inspirada en \\\u00bbChuchelandia\\\u00bb y con cada compra se entrega una felicitaci\u00f3n navide\u00f1a con las ilustraciones de los cuentos.<\/p>\n<\/div>\n<div style=\\\"text-align: justify;\\\">La exposici\u00f3n \\\u00bbLa Comida en los Cuentos\\\u00bb es <strong>gratuita.<\/p>\n<p>Horario:\u00a0<\/strong>de 10:00 a 22:00 horas.<\/p>\n<\/div>\n<div style=\\\"text-align: justify;\\\">Desde el 1 de diciembre hasta el 8 de enero<\/div>\n","protected":false},"excerpt":{"rendered":"<p>Un viaje al pa\u00eds de los cuentos de la mano de \\\u00bbun mercado de&#8230;<\/p>\n","protected":false},"featured_media":7069,"template":"","meta":{"_acf_changed":false},"categories":[],"noticias":[],"class_list":["post-7068","noticias","type-noticias","status-publish","has-post-thumbnail","hentry"],"acf":[],"_links":{"self":[{"href":"https:\/\/test.madridemprende.anovagroup.es\/en\/wp-json\/wp\/v2\/noticias\/7068"}],"collection":[{"href":"https:\/\/test.madridemprende.anovagroup.es\/en\/wp-json\/wp\/v2\/noticias"}],"about":[{"href":"https:\/\/test.madridemprende.anovagroup.es\/en\/wp-json\/wp\/v2\/types\/noticias"}],"version-history":[{"count":0,"href":"https:\/\/test.madridemprende.anovagroup.es\/en\/wp-json\/wp\/v2\/noticias\/7068\/revisions"}],"wp:featuredmedia":[{"embeddable":true,"href":"https:\/\/test.madridemprende.anovagroup.es\/en\/wp-json\/wp\/v2\/media\/7069"}],"wp:attachment":[{"href":"https:\/\/test.madridemprende.anovagroup.es\/en\/wp-json\/wp\/v2\/media?parent=7068"}],"wp:term":[{"taxonomy":"category","embeddable":true,"href":"https:\/\/test.madridemprende.anovagroup.es\/en\/wp-json\/wp\/v2\/categories?post=7068"},{"taxonomy":"noticias","embeddable":true,"href":"https:\/\/test.madridemprende.anovagroup.es\/en\/wp-json\/wp\/v2\/noticias?post=7068"}],"curies":[{"name":"wp","href":"https:\/\/api.w.org\/{rel}","templated":true}]}}