{"id":7074,"date":"2015-12-30T00:00:00","date_gmt":"2015-12-30T00:00:00","guid":{"rendered":"https:\/\/pre.madridemprende.anovagroup.es\/noticias\/nuevos-precios-pblicos-para-los-adjudicatarios-de-los-despachos-en-los-viveros-de-empresas\/"},"modified":"2022-06-08T11:28:00","modified_gmt":"2022-06-08T09:28:00","slug":"nuevos-precios-pblicos-para-los-adjudicatarios-de-los-despachos-en-los-viveros-de-empresas","status":"publish","type":"noticias","link":"https:\/\/test.madridemprende.anovagroup.es\/en\/noticias\/nuevos-precios-pblicos-para-los-adjudicatarios-de-los-despachos-en-los-viveros-de-empresas\/","title":{"rendered":"Nuevos precios p\u00fablicos para los adjudicatarios de los despachos en los Viveros de Empresas"},"content":{"rendered":"<p>Hoy se ha publicado en el <a href=\\\"https:\/\/www.bocm.es\/boletin\/CM_Orden_BOCM\/2015\/12\/30\/BOCM-20151230-30.PDF\\\" target=\\\"_blank\\\">B.O.C.M. N\u00fam. 310<\/a>\u00a0los nuevos precios p\u00fablicos que tendr\u00e1n que abonar los adjudicatarios de los despachos u oficinas de la Red de Viveros del Ayuntamiento de Madrid.<\/p>\n<p>Implica un <strong>rebaja generalizada del 9,50 %<\/strong> adem\u00e1s de un <strong>precio reducido<\/strong>, con un descuento adicional del 25%\u00a0 <strong>durante el primer a\u00f1o<\/strong> de estancia del Vivero.<\/p>\n<p>Esta rebaja ser\u00e1 de aplicaci\u00f3n a partir del 1 de febrero de 2016, tanto a los ya alojados como a los nuevas incorporaciones. A partir de esta fecha el adjudicatario de un despacho abonar\u00e1 7,15 euros por metro cuadrado durante los primeros 12 meses de ocupaci\u00f3n del despacho y 9,53 euros por metro cuadrado a partir del d\u00e9cimo tercer mes.<\/p>\n<p>Esta modificaci\u00f3n del precio p\u00fablico recoge tambi\u00e9n que a partir de esa fecha las autorizaciones se conceder\u00e1n por un per\u00edodo de dos a\u00f1os, prorrogables por otro a\u00f1o adicional, siempre que se cumplan los requisitos que se establezcan en las bases de la convocatoria p\u00fablica que se aprueben<\/p>\n<p>El Ayuntamiento de Madrid dispone de seis <a href=\\\"\/es\/emprendedores\/espacios-para-emprendedores\/viveros-de-empresas\\\">Viveros de Empresas<\/a> que est\u00e1n destinados a empresas de nueva o reciente creaci\u00f3n, con una antig\u00fcedad m\u00e1xima del negocio de 5 a\u00f1os. Ofreciendo despachos u oficinas adecuados para el desarrollo de las actividades de los empresarios y emprendedores dotados de un mobiliario b\u00e1sico, as\u00ed como zonas comunes como salas de juntas o multifuncionales, espacios de exposici\u00f3n, sal\u00f3n de actos&#8230; Adem\u00e1s del alojamiento en los despachos, se ofrece un servicio de asesoramiento y tutelaje permanente de los proyectos empresariales, formaci\u00f3n y capacitaci\u00f3n de habilidades emprendedoras y actividades de networking que facilitan sinergias entre los diferentes proyectos; asimismo est\u00e1n incluidos en el precio p\u00fablico los servicios auxiliares como mantenimiento, luz limpieza y seguridad.\u00a0<\/p>\n<p>Si quieres emprender en los Viveros de Empresas ofrecemos, entre otros servicios, asesoramiento t\u00e9cnico para los emprendedores que quieran crear una empresa, preincubadoras, espacios compartidos, puntos PAE para la tramitaci\u00f3n telem\u00e1tica de la creaci\u00f3n de empresas (SL, SLNE y empresario individual)<\/p>\n<p><a href=\\\"\/es\/emprendedores\/espacios-para-emprendedores\\\">M\u00e1s informaci\u00f3n<\/a><\/p>\n","protected":false},"excerpt":{"rendered":"<p>Hoy se ha publicado en el B.O.C.M. N\u00fam. 310\u00a0los nuevos precios p\u00fablicos que&#8230;<\/p>\n","protected":false},"featured_media":7075,"template":"","meta":{"_acf_changed":false},"categories":[],"noticias":[],"class_list":["post-7074","noticias","type-noticias","status-publish","has-post-thumbnail","hentry"],"acf":[],"_links":{"self":[{"href":"https:\/\/test.madridemprende.anovagroup.es\/en\/wp-json\/wp\/v2\/noticias\/7074"}],"collection":[{"href":"https:\/\/test.madridemprende.anovagroup.es\/en\/wp-json\/wp\/v2\/noticias"}],"about":[{"href":"https:\/\/test.madridemprende.anovagroup.es\/en\/wp-json\/wp\/v2\/types\/noticias"}],"version-history":[{"count":0,"href":"https:\/\/test.madridemprende.anovagroup.es\/en\/wp-json\/wp\/v2\/noticias\/7074\/revisions"}],"wp:featuredmedia":[{"embeddable":true,"href":"https:\/\/test.madridemprende.anovagroup.es\/en\/wp-json\/wp\/v2\/media\/7075"}],"wp:attachment":[{"href":"https:\/\/test.madridemprende.anovagroup.es\/en\/wp-json\/wp\/v2\/media?parent=7074"}],"wp:term":[{"taxonomy":"category","embeddable":true,"href":"https:\/\/test.madridemprende.anovagroup.es\/en\/wp-json\/wp\/v2\/categories?post=7074"},{"taxonomy":"noticias","embeddable":true,"href":"https:\/\/test.madridemprende.anovagroup.es\/en\/wp-json\/wp\/v2\/noticias?post=7074"}],"curies":[{"name":"wp","href":"https:\/\/api.w.org\/{rel}","templated":true}]}}