{"id":7080,"date":"2016-01-28T00:00:00","date_gmt":"2016-01-28T00:00:00","guid":{"rendered":"https:\/\/pre.madridemprende.anovagroup.es\/noticias\/nace-cadena-de-valor-en-el-vivero-de-viclvaro\/"},"modified":"2022-06-08T11:27:59","modified_gmt":"2022-06-08T09:27:59","slug":"nace-cadena-de-valor-en-el-vivero-de-viclvaro","status":"publish","type":"noticias","link":"https:\/\/test.madridemprende.anovagroup.es\/en\/noticias\/nace-cadena-de-valor-en-el-vivero-de-viclvaro\/","title":{"rendered":"Nace Cadena de Valor en el Vivero de Vic\u00e1lvaro"},"content":{"rendered":"<p>El pasado 27 de enero se present\u00f3 en el <a href=\\\"\/es\/emprendedores\/espacios-para-emprendedores\/viveros-de-empresas\/Viveros\/ficha\/1d2b603c5ca5d984996cb36e7138fd9d\/\\\">Vivero de Empresas de Vic\u00e1lvaro<\/a>, <a href=\\\"http:\/\/cadenadevalor.es\/\\\">Cadena de Valor<\/a>, un nuevo concepto de consultor\u00eda social a empresas que quieren aumentar su reputaci\u00f3n, valor de marca y competitividad, desarrollando proyectos de Responsabilidad Social en el campo de la Discapacidad (RSE-D).<\/p>\n<p>Creada desde la experiencia y apoyo de\u00a0cuatro grandes entidades de la discapacidad (<a href=\\\"http:\/\/www.apadis.es\/\\\">APADIS<\/a>, <a href=\\\"http:\/\/participa.alcobendas.org\/index_web.php?idwc=czo1OiJhcGFtYSI7\\\">APAMA<\/a>, <a href=\\\"http:\/\/www.apna.es\/\\\">APNA<\/a> e <a href=\\\"http:\/\/www.somosipp.com\/\\\">IPP<\/a>), impulsada por <strong>Mar\u00eda Dolores Enrique<\/strong>, emprendedora con discapacidad, y de la mano de la <a href=\\\"http:\/\/www.catedrakonectaurjc.es\/\\\">C\u00e1tedra Fundaci\u00f3n<\/a> Konecta-URJC de Emprendimiento y Discapacidad<strong>,<\/strong>\u00a0Cadena de Valor ayuda a iniciar, mejorar o enfocar el impacto social de sus clientes, mejorando la competitividad y la huella social. Cadena de Valor har\u00e1 posible que todos los agentes que participan ganen: la empresa obtendr\u00e1 mayores beneficios, las entidades sociales de la discapacidad ser\u00e1n m\u00e1s sostenibles econ\u00f3micamente, y la Sociedad se convertir\u00e1, poco a poco, en un lugar m\u00e1s inclusivo.<\/p>\n<p>Las relaciones entre la empresa y el tejido social son un reto para todos, y as\u00ed se expuso en la mesa redonda en la que participaron grandes expertos en el \u00e1mbito de la RSC: <strong>Javier Vega de Seoane<\/strong>, presidente del <a href=\\\"http:\/\/circulodeempresarios.org\/\\\">C\u00edrculo de Empresarios<\/a>; <strong>Ram\u00f3n Capdevila<\/strong>, Director de la <a href=\\\"http:\/\/fundacionuniversia.net\/inicio.html\\\">Fundaci\u00f3n Universia<\/a> y <strong>Francisco Fern\u00e1ndez<\/strong>, Director de la <a href=\\\"http:\/\/www.fundaciongmp.org\/\\\">Fundaci\u00f3n GMP<\/a>. Las empresas deben entender que la contrataci\u00f3n de personas con discapacidad ha de basarse en reconocer sus capacidades, ya que la discapacidad no es contraria a la competencia.<\/p>\n<p><strong>Ignacio Tremi\u00f1o<\/strong>, Director General de Pol\u00edticas de Apoyo a la Discapacidad del <a href=\\\"http:\/\/www.msssi.gob.es\/\\\">Ministerio de Sanidad, Servicios Sociales e Igualdad<\/a> tambi\u00e9n particip\u00f3 en el acto, presentando en mayor detalle lo que supone el surgimiento de esta nueva iniciativa empresarial, y\u00a0 <strong>Graciela de la Morena<\/strong>, directora de la <a href=\\\"http:\/\/www.fundacionkonecta.org\/\\\">Fundaci\u00f3n Konecta<\/a>, anim\u00f3 a promover la cultura emprendedora de las personas con discapacidad. Ya que, como expres\u00f3 <strong>Christian Loste<\/strong>, director de Cadena de Valor, \u201cen un mundo de zanjas, el emprendimiento puede crear puentes. Y m\u00e1s con RSE-D\u201d.<\/p>\n<p>La Directora General de\u00a0<a href=\\\"\/\\\">Comercio y Emprendimiento<\/a>\u00a0del\u00a0<a href=\\\"http:\/\/www.madrid.es\/\\\">Ayuntamiento de Madrid<\/a>,\u00a0<strong>Concha D\u00edaz de Villegas<\/strong>, clausur\u00f3 la jornada de presentaci\u00f3n, agradeciendo a las personas que, como la presidenta de Cadena de Valor, afrontan el reto de emprender con un valor a\u00f1adido. Tambi\u00e9n record\u00f3 que la Direcci\u00f3n General de Comercio y Emprendimiento actualmente est\u00e1 incluida en el \u00c1rea de Equidad, Derechos Sociales y Empleo, y esta inclusi\u00f3n se debe a que el primer derecho social es contar con un empleo adecuado. \u201cPara nosotros, los proyectos como este son muy importantes y dan sentido a nuestro trabajo y al de los espacios como el Vivero de Vic\u00e1lvaro\u201d.<\/p>\n","protected":false},"excerpt":{"rendered":"<p>El pasado 27 de enero se present\u00f3 en el Vivero de Empresas de Vic\u00e1lvaro,&#8230;<\/p>\n","protected":false},"featured_media":7081,"template":"","meta":{"_acf_changed":false},"categories":[],"noticias":[],"class_list":["post-7080","noticias","type-noticias","status-publish","has-post-thumbnail","hentry"],"acf":[],"_links":{"self":[{"href":"https:\/\/test.madridemprende.anovagroup.es\/en\/wp-json\/wp\/v2\/noticias\/7080"}],"collection":[{"href":"https:\/\/test.madridemprende.anovagroup.es\/en\/wp-json\/wp\/v2\/noticias"}],"about":[{"href":"https:\/\/test.madridemprende.anovagroup.es\/en\/wp-json\/wp\/v2\/types\/noticias"}],"version-history":[{"count":0,"href":"https:\/\/test.madridemprende.anovagroup.es\/en\/wp-json\/wp\/v2\/noticias\/7080\/revisions"}],"wp:featuredmedia":[{"embeddable":true,"href":"https:\/\/test.madridemprende.anovagroup.es\/en\/wp-json\/wp\/v2\/media\/7081"}],"wp:attachment":[{"href":"https:\/\/test.madridemprende.anovagroup.es\/en\/wp-json\/wp\/v2\/media?parent=7080"}],"wp:term":[{"taxonomy":"category","embeddable":true,"href":"https:\/\/test.madridemprende.anovagroup.es\/en\/wp-json\/wp\/v2\/categories?post=7080"},{"taxonomy":"noticias","embeddable":true,"href":"https:\/\/test.madridemprende.anovagroup.es\/en\/wp-json\/wp\/v2\/noticias?post=7080"}],"curies":[{"name":"wp","href":"https:\/\/api.w.org\/{rel}","templated":true}]}}