{"id":7092,"date":"2016-02-19T00:00:00","date_gmt":"2016-02-19T00:00:00","guid":{"rendered":"https:\/\/pre.madridemprende.anovagroup.es\/noticias\/salesas-village-lugar-elegido-para-el-inicio-de-la-mbfwm\/"},"modified":"2022-06-08T11:27:58","modified_gmt":"2022-06-08T09:27:58","slug":"salesas-village-lugar-elegido-para-el-inicio-de-la-mbfwm","status":"publish","type":"noticias","link":"https:\/\/test.madridemprende.anovagroup.es\/en\/noticias\/salesas-village-lugar-elegido-para-el-inicio-de-la-mbfwm\/","title":{"rendered":"Salesas Village, lugar elegido para el inicio de la MBFWM"},"content":{"rendered":"<p class=\\\"MsoNormal\\\" style=\\\"text-align: justify;\\\"><span style=\\\"font-family: tahoma, arial, helvetica, sans-serif; font-size: 10pt;\\\"><strong><a href=\\\"http:\/\/salesasvillage.com\/\\\" target=\\\"_blank\\\">Salesas Village<\/a><\/strong>\u00a0ha sido la zona elegida para dar inicio a la Mercedes Benz &#8211; Fashion Week Madrid el jueves 18 de febrero. El recorrido inicialmente estar\u00e1 reservado exclusivamente a prensa especializada, abri\u00e9ndose al p\u00fablico el viernes 19 entre las 10:00 y las 20:00 horas como parte del deseo expreso de la firma de abrir su cita en Madrid a todos los amantes de la moda.<\/p>\n<p> La clausura de esta iniciativa popular es el mismo viernes 19 a las 20:00 horas en la plaza de las Salesas, y correr\u00e1 a cargo de la compositora Soledad V\u00e9lez que pondr\u00e1 la banda sonora a la proyecci\u00f3n del desfile de Desigual en Nueva York.<\/p>\n<p> Esta es ya la segunda ocasi\u00f3n en este mes que<span class=\\\"apple-converted-space\\\">\u00a0<\/span><strong><a href=\\\"http:\/\/salesasvillage.com\/informacion\/\\\" target=\\\"_blank\\\">Salesas Village<\/a><\/strong>, \u00e1rea comercial de Madrid cuyo centro es la plaza de las Salesas, apoya la iniciativa<span class=\\\"apple-converted-space\\\">\u00a0<\/span><strong><a href=\\\"\/es\/comercio\/campanas-de-promocion\\\" target=\\\"_blank\\\">Madrid Capital de Moda<\/a><\/strong>\u00a0promovida por el Ayuntamiento de Madrid y la asociaci\u00f3n de comerciantes<span class=\\\"apple-converted-space\\\">\u00a0<\/span><strong><a href=\\\"http:\/\/www.acotex.org\/\\\" target=\\\"_blank\\\">Acotex<\/a><\/strong>. Salesas Village colabor\u00f3 del 4 al 10 de febrero con\u00a0<strong><a href=\\\"http:\/\/www.mfshow.es\/\\\" target=\\\"_blank\\\">MFSHOW<\/a><\/strong>, a trav\u00e9s de una acci\u00f3n en la que todos los ciudadanos pudieron disfrutar de las pantallas para visualizar los desfiles en directo en escaparates y con sorteo de entradas para los desfiles en m\u00e1s de 60 comercios .<\/span><\/p>\n","protected":false},"excerpt":{"rendered":"<p>Salesas Village\u00a0ha sido la zona elegida para dar inicio a la Mercedes Benz&#8230;<\/p>\n","protected":false},"featured_media":7093,"template":"","meta":{"_acf_changed":false},"categories":[],"noticias":[],"class_list":["post-7092","noticias","type-noticias","status-publish","has-post-thumbnail","hentry"],"acf":[],"_links":{"self":[{"href":"https:\/\/test.madridemprende.anovagroup.es\/en\/wp-json\/wp\/v2\/noticias\/7092"}],"collection":[{"href":"https:\/\/test.madridemprende.anovagroup.es\/en\/wp-json\/wp\/v2\/noticias"}],"about":[{"href":"https:\/\/test.madridemprende.anovagroup.es\/en\/wp-json\/wp\/v2\/types\/noticias"}],"version-history":[{"count":0,"href":"https:\/\/test.madridemprende.anovagroup.es\/en\/wp-json\/wp\/v2\/noticias\/7092\/revisions"}],"wp:featuredmedia":[{"embeddable":true,"href":"https:\/\/test.madridemprende.anovagroup.es\/en\/wp-json\/wp\/v2\/media\/7093"}],"wp:attachment":[{"href":"https:\/\/test.madridemprende.anovagroup.es\/en\/wp-json\/wp\/v2\/media?parent=7092"}],"wp:term":[{"taxonomy":"category","embeddable":true,"href":"https:\/\/test.madridemprende.anovagroup.es\/en\/wp-json\/wp\/v2\/categories?post=7092"},{"taxonomy":"noticias","embeddable":true,"href":"https:\/\/test.madridemprende.anovagroup.es\/en\/wp-json\/wp\/v2\/noticias?post=7092"}],"curies":[{"name":"wp","href":"https:\/\/api.w.org\/{rel}","templated":true}]}}