{"id":7096,"date":"2016-04-13T00:00:00","date_gmt":"2016-04-13T00:00:00","guid":{"rendered":"https:\/\/pre.madridemprende.anovagroup.es\/noticias\/un-ao-ms-estaremos-presentes-en-expofranquicia\/"},"modified":"2022-06-08T11:25:46","modified_gmt":"2022-06-08T09:25:46","slug":"un-ao-ms-estaremos-presentes-en-expofranquicia","status":"publish","type":"noticias","link":"https:\/\/test.madridemprende.anovagroup.es\/en\/noticias\/un-ao-ms-estaremos-presentes-en-expofranquicia\/","title":{"rendered":"Un a\u00f1o m\u00e1s estaremos presentes en Expofranquicia"},"content":{"rendered":"<p>Entre los d\u00edas 21 al 23 de abril, Madrid se convertir\u00e1 en escenario de presentaci\u00f3n de las m\u00e1s variadas propuestas de negocio e inversi\u00f3n con motivo de la celebraci\u00f3n de <a href=\\\"http:\/\/www.ifema.es\/expofranquicia_01\/\\\">EXPOFRANQUICIA 2016<\/a>, el mayor referente internacional de la franquicia en nuestro pa\u00eds y una de las citas clave y de mayor dinamismo del calendario europeo.\u00a0<\/p>\n<p>Como en ediciones anteriores el Ayuntamiento de Madrid, a trav\u00e9s de la <a href=\\\"\/es\\\">Direcci\u00f3n General de Comercio y Emprendimiento<\/a>, estar\u00e1 presente en esta feria con un stand con personal cualificado que facilitar\u00e1 asesoramiento para la puesta en marcha de tu negocio. <strong>\u00bfquieres una cita?<\/strong> solicital\u00e1 <a href=\\\"http:\/\/appcatalogo.ifema.es\/waCatalogoWeb\/index.html?feria=FQ16&#038;idioma=es#FICHA_EMPRESA?emp=55642_1_0\\\" target=\\\"_blank\\\">aqu\u00ed<\/a>\u00a0<\/p>\n<p><span style=\\\"font-size: 12pt; font-family: terminal, monaco;\\\"><a href=\\\"http:\/\/newsletter.madridemprende.es\/l\/jCMt763hqrdxv66KeMy8ZAZw\/4p6euURlh06uRB763qF5cvmg\/XIH1VS7633NLiYB8927s226v1g\\\" target=\\\"_blank\\\"><strong>Reg\u00edstrate aqu\u00ed<\/strong><\/a> con el c\u00f3digo <strong>FQ160765499VV<\/strong> para asistir gratuitamente.<\/span><\/p>\n<p>La pasada edici\u00f3n reuni\u00f3 la oferta de 482 ense\u00f1as y recibi\u00f3 cerca de 16.000 visitantes con un marcado perfil inversor, de toda la geograf\u00eda espa\u00f1ola y de un amplio abanico de pa\u00edses. Precisamente el crecimiento de un 26% de la visita internacional, con especial presencia de profesionales de Portugal y de pa\u00edses Latinoamericanos, abre nuevas v\u00edas de expansi\u00f3n en el mercado exterior para las ense\u00f1as que participan en EXPOFRANQUICIA.\u00a0<\/p>\n<p>Podr\u00e1s descubrir las nuevas oportunidades y ofertas en franquicias y disfrutar de toda la informaci\u00f3n para elegir acertadamente una franquicia<\/p>\n<p>Presentar\u00e1, una vez m\u00e1s, una oferta multisectorial con propuestas de muy variada naturaleza y distintos niveles de inversi\u00f3n ajustados a todos los presupuestos. M\u00e1s de 20 sectores en exposici\u00f3n, entre los que se encuentran Alimentaci\u00f3n, Belleza, Salud y Fitness; Decoraci\u00f3n y Art\u00edculos del Hogar; Moda y Complementos; Restauraci\u00f3n y Hosteler\u00eda; Servicios Especializados; Supermercados e hipermercados, y distintos tipos de negocios enfocados en servicios especializados, asistenciales, automovil\u00edsticos, financieros, inmobiliarios, consultor\u00eda y asesor\u00eda, etc.<\/p>\n","protected":false},"excerpt":{"rendered":"<p>Entre los d\u00edas 21 al 23 de abril, Madrid se convertir\u00e1 en escenario de&#8230;<\/p>\n","protected":false},"featured_media":7097,"template":"","meta":{"_acf_changed":false},"categories":[],"noticias":[],"class_list":["post-7096","noticias","type-noticias","status-publish","has-post-thumbnail","hentry"],"acf":[],"_links":{"self":[{"href":"https:\/\/test.madridemprende.anovagroup.es\/en\/wp-json\/wp\/v2\/noticias\/7096"}],"collection":[{"href":"https:\/\/test.madridemprende.anovagroup.es\/en\/wp-json\/wp\/v2\/noticias"}],"about":[{"href":"https:\/\/test.madridemprende.anovagroup.es\/en\/wp-json\/wp\/v2\/types\/noticias"}],"version-history":[{"count":0,"href":"https:\/\/test.madridemprende.anovagroup.es\/en\/wp-json\/wp\/v2\/noticias\/7096\/revisions"}],"wp:featuredmedia":[{"embeddable":true,"href":"https:\/\/test.madridemprende.anovagroup.es\/en\/wp-json\/wp\/v2\/media\/7097"}],"wp:attachment":[{"href":"https:\/\/test.madridemprende.anovagroup.es\/en\/wp-json\/wp\/v2\/media?parent=7096"}],"wp:term":[{"taxonomy":"category","embeddable":true,"href":"https:\/\/test.madridemprende.anovagroup.es\/en\/wp-json\/wp\/v2\/categories?post=7096"},{"taxonomy":"noticias","embeddable":true,"href":"https:\/\/test.madridemprende.anovagroup.es\/en\/wp-json\/wp\/v2\/noticias?post=7096"}],"curies":[{"name":"wp","href":"https:\/\/api.w.org\/{rel}","templated":true}]}}