{"id":7098,"date":"2016-03-08T00:00:00","date_gmt":"2016-03-08T00:00:00","guid":{"rendered":"https:\/\/pre.madridemprende.anovagroup.es\/noticias\/el-saln-miempresa-logra-su-objetivo\/"},"modified":"2022-06-08T11:27:57","modified_gmt":"2022-06-08T09:27:57","slug":"el-saln-miempresa-logra-su-objetivo","status":"publish","type":"noticias","link":"https:\/\/test.madridemprende.anovagroup.es\/en\/noticias\/el-saln-miempresa-logra-su-objetivo\/","title":{"rendered":"El Sal\u00f3n MiEmpresa logra su objetivo"},"content":{"rendered":"<p>El\u00a0<a href=\\\"http:\/\/www.salonmiempresa.com\/\\\" target=\\\"_blank\\\"><strong>Sal\u00f3n MiEmpresa<\/strong><\/a>\u00a0cierra su s\u00e9ptima edici\u00f3n alcanzando sus objetivos de afluencia: m\u00e1s de 15.000 empresarios, emprendedores, pymes y aut\u00f3nomos han llenado las gradas del Barclaycard Center de Madrid (Palacio de los Deportes) durante los d\u00edas 16 y 17 de febrero, donde han aprendido no s\u00f3lo cu\u00e1les deben ser sus primeros pasos para poner en marcha su idea de negocio, sino las claves para que sus empresas crezcan de forma \u00f3ptima.<\/p>\n<p>Los encargados de ense\u00f1arles el camino del \u00e9xito han sido los m\u00e1s de 300 ponentes que se han repartido entre 10 salas diferenciadas, donde han puesto en valor su experiencia en el mundo de los negocios. Con\u00a0<a href=\\\"http:\/\/www.bankia.es\/\\\" target=\\\"_blank\\\"><strong>Bankia<\/strong><\/a>\u00a0como Patrocinador Principal,\u00a0<a href=\\\"http:\/\/www.correos.es\/ss\/Satellite\/site\/pagina-inicio\/info\\\" target=\\\"_blank\\\"><strong>Correos<\/strong><\/a>\u00a0como Co-patrocinador y con el Apoyo del\u00a0Ayuntamiento de Madrid\u00a0desde la <a>Direcci\u00f3n General de Comercio y Emprendimiento<\/a>, el Sal\u00f3n MiEmpresa se ha desarrollado bajo el lema <strong>\u2018\u00a1Sup\u00e9rate!\u2019<\/strong>, cuyo fin ha sido, precisamente, el de conseguir que el peque\u00f1o y mediano empresario espa\u00f1ol no piense s\u00f3lo en sobrevivir, sino en hacerse grande. Fueron 164 personas las que se pasaron por nuestro stand para asesorarse e informarse de los recursos que el Ayuntamiento de Madrid pone a disposici\u00f3n de los emprendedores.<\/p>\n<p>En el marco del Sal\u00f3n MiEmpresa tambi\u00e9n se ha celebrado el concurso\u00a0<strong>Elevator Pitch<\/strong>, que ha servido para presentar ante un generoso grupo de inversores 40 proyectos de corte innovador en busca de financiaci\u00f3n. La empresa ganadora ha sido\u00a0<a href=\\\"http:\/\/friendkhana.com\/\\\" target=\\\"_blank\\\">Friendkhana<\/a><strong>\u00a0<\/strong>, con una dotaci\u00f3n econ\u00f3mica de 1.500 euros aportados por los organizadores del Sal\u00f3n MiEmpresa, una plataforma SaaS de cuestionarios que permite a los e-commerce conocer mejor a sus usuarios para realizar un marketing m\u00e1s personalizado. \u201c<em>Lanzamos en enero y desde el principio hemos tenido clientes de pago. Nuestro objetivo es llegar a los 2.000 usuarios en 2017<\/em>\u201d, ha asegurado el CEO de la compa\u00f1\u00eda, Pedro Prieto, durante su intervenci\u00f3n.<\/p>\n<p>\u00a0<\/p>\n<p>Consulta aqu\u00ed el\u00a0<a href=\\\"\/images\/public\/source\/Balance%20General%20SME2016.pdf\\\" target=\\\"_blank\\\">Balance General<\/a>\u00a0de esta VII edici\u00f3n del Sal\u00f3n MiEmpresa.<\/p>\n","protected":false},"excerpt":{"rendered":"<p>El\u00a0Sal\u00f3n MiEmpresa\u00a0cierra su s\u00e9ptima edici\u00f3n alcanzando sus objetivos de&#8230;<\/p>\n","protected":false},"featured_media":7099,"template":"","meta":{"_acf_changed":false},"categories":[],"noticias":[],"class_list":["post-7098","noticias","type-noticias","status-publish","has-post-thumbnail","hentry"],"acf":[],"_links":{"self":[{"href":"https:\/\/test.madridemprende.anovagroup.es\/en\/wp-json\/wp\/v2\/noticias\/7098"}],"collection":[{"href":"https:\/\/test.madridemprende.anovagroup.es\/en\/wp-json\/wp\/v2\/noticias"}],"about":[{"href":"https:\/\/test.madridemprende.anovagroup.es\/en\/wp-json\/wp\/v2\/types\/noticias"}],"version-history":[{"count":0,"href":"https:\/\/test.madridemprende.anovagroup.es\/en\/wp-json\/wp\/v2\/noticias\/7098\/revisions"}],"wp:featuredmedia":[{"embeddable":true,"href":"https:\/\/test.madridemprende.anovagroup.es\/en\/wp-json\/wp\/v2\/media\/7099"}],"wp:attachment":[{"href":"https:\/\/test.madridemprende.anovagroup.es\/en\/wp-json\/wp\/v2\/media?parent=7098"}],"wp:term":[{"taxonomy":"category","embeddable":true,"href":"https:\/\/test.madridemprende.anovagroup.es\/en\/wp-json\/wp\/v2\/categories?post=7098"},{"taxonomy":"noticias","embeddable":true,"href":"https:\/\/test.madridemprende.anovagroup.es\/en\/wp-json\/wp\/v2\/noticias?post=7098"}],"curies":[{"name":"wp","href":"https:\/\/api.w.org\/{rel}","templated":true}]}}