{"id":7100,"date":"2016-02-26T00:00:00","date_gmt":"2016-02-26T00:00:00","guid":{"rendered":"https:\/\/pre.madridemprende.anovagroup.es\/noticias\/el-mundo-de-la-empresa-se-suma-a-miempresaacuerda\/"},"modified":"2022-06-08T11:27:58","modified_gmt":"2022-06-08T09:27:58","slug":"el-mundo-de-la-empresa-se-suma-a-miempresaacuerda","status":"publish","type":"noticias","link":"https:\/\/test.madridemprende.anovagroup.es\/en\/noticias\/el-mundo-de-la-empresa-se-suma-a-miempresaacuerda\/","title":{"rendered":"El mundo de la empresa se suma a #miempresaAcuerda"},"content":{"rendered":"<p><strong><br \/>Acordia Mediaci\u00f3n, <\/strong>empresa que forma parte de la #ReddeViveros alojada en el <a href=\\\"\/es\/emprendedores\/espacios-para-emprendedores\/viveros-de-empresas\/Viveros\/ficha\/1d2b603c5ca5d984996cb36e7138fd9d\/\\\">Vivero de Empresas de Vic\u00e1lvaro<\/a>, ha puesto al alcance de emprendedores, empresas y entidades de todos los sectores econ\u00f3micos y sociales que se han dado cita en la <strong>VII edici\u00f3n del Sal\u00f3n MiEmpresa,<\/strong> la iniciativa <a href=\\\"http:\/\/www.acordiamediacion.es\/miempresaacuerda\/\\\" target=\\\"_blank\\\"><strong>#<\/strong>miempresa<\/a><strong><a href=\\\"http:\/\/www.acordiamediacion.es\/miempresaacuerda\/\\\" target=\\\"_blank\\\">Acuerda<\/a>.<\/strong><\/p>\n<p>Dicha iniciativa se ha puesto en marcha gracias a la adhesi\u00f3n y patrocinio de entidades pertenecientes a diversos \u00e1mbitos econ\u00f3micos y sociales de la Econom\u00eda Social, Aut\u00f3nomos, Microempresa, Peque\u00f1a, Mediana y Gran empresa, Organizaciones y Fundaciones que apoyan, incorporar en su modelo empresarial\u00a0innovador,\u00a0la \u201c<strong>Cultura del Acuerdo<\/strong>\u201d y\u00a0el empleo de la mediaci\u00f3n,<strong>\u00a0<\/strong>como\u00a0sistema colaborativo de resoluci\u00f3n de conflictos.<\/p>\n<p>La iniciativa parte de algunas razones de peso. La actividad diaria empresarial implica tomar decisiones que afectan a diversos grupos de inter\u00e9s, por lo que requiere de una actitud colaborativa que observe y tenga en cuenta intereses de unos y otros.<\/p>\n<p>Pero la propia evoluci\u00f3n de las empresas e instituciones implica cambios que en ocasiones provocan desacuerdos, haciendo necesario el empleo de herramientas y recursos que eviten posibles conflictos.\u00a0<\/p>\n<p>Adem\u00e1s, hay que tener en cuenta que los conflictos mal gestionados y el empleo de la v\u00eda judicial cuestan millones de euros a las empresas, grandes p\u00e9rdidas de tiempo, de imagen, ralentizaci\u00f3n de la actividad y desgaste personal.<\/p>\n<p>Por todo ello, organismos p\u00fablicos, entidades de financiaci\u00f3n, empresas de servicios, franquicia, tic, etc., presentes en el sal\u00f3n han compartido con <strong>Acordia Mediaci\u00f3n<\/strong> la consideraci\u00f3n del valor innovador y estrat\u00e9gico que supone el empleo de un sistema colaborativo de resoluci\u00f3n de conflictos, como es la mediaci\u00f3n<strong>, <\/strong>para la mejora de la gesti\u00f3n econ\u00f3mica de la empresa, en base a que es necesario que la resoluci\u00f3n de los desacuerdos sea m\u00e1s r\u00e1pida, econ\u00f3mica \u00a0y eficaz y que debe disminuir la litigiosidad.<\/p>\n<p>Entre los asistentes al #<strong>SME2016<\/strong>, hubo coincidencia con Acordia Mediaci\u00f3n, en que la iniciativa #miempresaAcuerda<strong>, <\/strong>es un importante veh\u00edculo para que Instituciones p\u00fablicas y privadas tomen conciencia de la necesidad de establecer l\u00edneas colaborativas, empleando mecanismos de resoluci\u00f3n de conflictos eficaces, cortos y econ\u00f3micos.<\/p>\n","protected":false},"excerpt":{"rendered":"<p>Acordia Mediaci\u00f3n, empresa que forma parte de la #ReddeViveros alojada en&#8230;<\/p>\n","protected":false},"featured_media":7101,"template":"","meta":{"_acf_changed":false},"categories":[],"noticias":[],"class_list":["post-7100","noticias","type-noticias","status-publish","has-post-thumbnail","hentry"],"acf":[],"_links":{"self":[{"href":"https:\/\/test.madridemprende.anovagroup.es\/en\/wp-json\/wp\/v2\/noticias\/7100"}],"collection":[{"href":"https:\/\/test.madridemprende.anovagroup.es\/en\/wp-json\/wp\/v2\/noticias"}],"about":[{"href":"https:\/\/test.madridemprende.anovagroup.es\/en\/wp-json\/wp\/v2\/types\/noticias"}],"version-history":[{"count":0,"href":"https:\/\/test.madridemprende.anovagroup.es\/en\/wp-json\/wp\/v2\/noticias\/7100\/revisions"}],"wp:featuredmedia":[{"embeddable":true,"href":"https:\/\/test.madridemprende.anovagroup.es\/en\/wp-json\/wp\/v2\/media\/7101"}],"wp:attachment":[{"href":"https:\/\/test.madridemprende.anovagroup.es\/en\/wp-json\/wp\/v2\/media?parent=7100"}],"wp:term":[{"taxonomy":"category","embeddable":true,"href":"https:\/\/test.madridemprende.anovagroup.es\/en\/wp-json\/wp\/v2\/categories?post=7100"},{"taxonomy":"noticias","embeddable":true,"href":"https:\/\/test.madridemprende.anovagroup.es\/en\/wp-json\/wp\/v2\/noticias?post=7100"}],"curies":[{"name":"wp","href":"https:\/\/api.w.org\/{rel}","templated":true}]}}