{"id":7110,"date":"2016-03-14T00:00:00","date_gmt":"2016-03-14T00:00:00","guid":{"rendered":"https:\/\/pre.madridemprende.anovagroup.es\/noticias\/vuelve-ecocreativa-emprende-2016\/"},"modified":"2022-06-08T11:27:56","modified_gmt":"2022-06-08T09:27:56","slug":"vuelve-ecocreativa-emprende-2016","status":"publish","type":"noticias","link":"https:\/\/test.madridemprende.anovagroup.es\/en\/noticias\/vuelve-ecocreativa-emprende-2016\/","title":{"rendered":"Vuelve Ecocreativa Emprende! 2016"},"content":{"rendered":"<p><a href=\\\"http:\/\/www.mastereconomiacreativa.es\/ecocreativa-emprende-2016.html\\\"><strong>ECOCREATIVA Emprende!<\/strong><\/a> es un encuentro anual de iniciativas emprendedoras culturales y creativas que tendr\u00e1 lugar los d\u00edas 11, 12 y 13 de abril. Est\u00e1 organizado por el M\u00e1ster en Econom\u00eda Creativa, Gesti\u00f3n Cultural y Desarrollo y el Vicerrectorado de Extensi\u00f3n Universitaria de la Universidad Rey Juan Carlos. Cuenta con la colaboraci\u00f3n del Ayuntamiento de Madrid, a trav\u00e9s de la<a href=\\\"\/es\\\"> Direcci\u00f3n General de Comercio y Emprendimiento<\/a>, \u00a0la Fundaci\u00f3n Incorpora Deportistas Solidarios e Impact Hub Madrid.<\/p>\n<p>Es un evento abierto a la sociedad, en el que pueden participar todas las personas f\u00edsicas o empresas del Sector Cultural y Creativo, tanto de Espa\u00f1a como del extranjero, pudiendo ser iniciativas en fase de creaci\u00f3n y desarrollo, o aquellas que est\u00e9n en marcha y necesiten apoyo en promoci\u00f3n, residencia, formaci\u00f3n o desarrollo.<\/p>\n<p>Tienes hasta el <strong>5 de abril para inscribirte<\/strong>. Consulta aqu\u00ed las <a href=\\\"https:\/\/issuu.com\/mastereconomiacreativa\/docs\/bases-participaci__n-_2016-v_encuen\\\">bases de participaci\u00f3n<\/a><\/p>\n<p>Nacida en el a\u00f1o 2011 como la primera convocatoria p\u00fablica para las industrias creativas en Espa\u00f1a, sus objetivos primordiales son <strong>incentivar la cultura del emprendimiento y la innovaci\u00f3n<\/strong> en los nuevos modelos de negocio fundamentados en la Creatividad, como son las ICC (Industrias Culturales y Creativas), y fomentar el trabajo en red como uno de los pilares b\u00e1sicos de la nueva Econom\u00eda Creativa.<\/p>\n<p>Al mismo tiempo, colabora en la restructuraci\u00f3n del Sector Creativo, para ello ha creado -desde la primera convocatoria en 2011- <strong>El Vivero de la Imaginaci\u00f3n<\/strong>. Un vivero virtual, un <em>networking<\/em> cultural y creativo que da impulso y visibilidad a los emprendimientos que surgen de los encuentros de ECOCREATIVA Emprende! y a aquellas iniciativas del propio m\u00e1ster, con el objetivo de potenciar el empleo, el autoempleo, el trabajo colaborativo y en red. Actualmente cuenta con m\u00e1s de 50 empresas Culturales y Creativas, a las que se sumar\u00e1n las 10 iniciativas seleccionadas en esta 5\u00aa convocatoria.<\/p>\n<p>Cabe destacar que este a\u00f1o se har\u00e1 entrega de premios entre los 10 seleccionados:<\/p>\n<ul>\n<li><strong>1\u00ba premio:<\/strong> presentaci\u00f3n del proyecto en la Copa Espa\u00f1a Creativa &#8211; M\u00e1laga 2016.<\/li>\n<li><strong>Otros premios:<\/strong> 2 (dos) espacios de coworking en la\u00a0<a href=\\\"\/es\/emprendedores\/espacios-para-emprendedores\/que-son\\\">Red de Viveros de Empresas <\/a>del Ayuntamiento de Madrid | 1 (una) membres\u00eda en Impact Hub Madrid | 6 becas ECOCREATIVA Formaci\u00f3n.<\/li>\n<\/ul>\n","protected":false},"excerpt":{"rendered":"<p>ECOCREATIVA Emprende! es un encuentro anual de iniciativas emprendedoras&#8230;<\/p>\n","protected":false},"featured_media":7111,"template":"","meta":{"_acf_changed":false},"categories":[],"noticias":[],"class_list":["post-7110","noticias","type-noticias","status-publish","has-post-thumbnail","hentry"],"acf":[],"_links":{"self":[{"href":"https:\/\/test.madridemprende.anovagroup.es\/en\/wp-json\/wp\/v2\/noticias\/7110"}],"collection":[{"href":"https:\/\/test.madridemprende.anovagroup.es\/en\/wp-json\/wp\/v2\/noticias"}],"about":[{"href":"https:\/\/test.madridemprende.anovagroup.es\/en\/wp-json\/wp\/v2\/types\/noticias"}],"version-history":[{"count":0,"href":"https:\/\/test.madridemprende.anovagroup.es\/en\/wp-json\/wp\/v2\/noticias\/7110\/revisions"}],"wp:featuredmedia":[{"embeddable":true,"href":"https:\/\/test.madridemprende.anovagroup.es\/en\/wp-json\/wp\/v2\/media\/7111"}],"wp:attachment":[{"href":"https:\/\/test.madridemprende.anovagroup.es\/en\/wp-json\/wp\/v2\/media?parent=7110"}],"wp:term":[{"taxonomy":"category","embeddable":true,"href":"https:\/\/test.madridemprende.anovagroup.es\/en\/wp-json\/wp\/v2\/categories?post=7110"},{"taxonomy":"noticias","embeddable":true,"href":"https:\/\/test.madridemprende.anovagroup.es\/en\/wp-json\/wp\/v2\/noticias?post=7110"}],"curies":[{"name":"wp","href":"https:\/\/api.w.org\/{rel}","templated":true}]}}