{"id":7118,"date":"2016-04-12T00:00:00","date_gmt":"2016-04-12T00:00:00","guid":{"rendered":"https:\/\/pre.madridemprende.anovagroup.es\/noticias\/madrid-capital-de-moda-se-llena-de-eventos\/"},"modified":"2022-06-08T11:27:56","modified_gmt":"2022-06-08T09:27:56","slug":"madrid-capital-de-moda-se-llena-de-eventos","status":"publish","type":"noticias","link":"https:\/\/test.madridemprende.anovagroup.es\/en\/noticias\/madrid-capital-de-moda-se-llena-de-eventos\/","title":{"rendered":"Madrid Capital de Moda se llena de eventos"},"content":{"rendered":"<p class=\\\"MsoNormal\\\" style=\\\"text-align: justify; line-height: 120%; margin: 6.0pt 0cm 6.0pt 0cm;\\\"><span style=\\\"font-family: Tahoma; font-size: 10pt; line-height: 120%;\\\">Madrid Capital de Moda, iniciativa municipal<\/span><span style=\\\"font-family: Tahoma; font-size: 10pt; line-height: 120%;\\\"> basada en la colaboraci\u00f3n\u00a0p\u00fablico\u00a0privada y dirigida a aglutinar todas las iniciativas impulsadas por los principales agentes implicados en el mundo de la moda, tanto del sector creativo, como del industrial y del\u00a0 comercial, dirigidas a posicionar Madrid como sede de referencia de estas actividades, se llena de nuevos eventos durante el mes de abril de 2016.<\/span><\/p>\n<p class=\\\"MsoNormal\\\" style=\\\"margin-bottom: .0001pt; text-align: justify; line-height: 120%;\\\"><span style=\\\"font-size: 10pt; line-height: 120%; font-family: Tahoma;\\\">Durante este mes se celebrar\u00e1n dos nuevas ediciones de pasarelas de moda nupcial y de ceremonia \u00a0tradicionales en estas fechas en la capital:\u00a0<\/span><\/p>\n<p class=\\\"PrrafodelistaCxSpFirst\\\" style=\\\"mso-add-space: auto; text-align: justify; text-indent: -18.0pt; line-height: 120%; mso-list: l0 level1 lfo1; margin: 6.0pt 0cm 6.0pt 36.0pt;\\\"><span style=\\\"font-family: tahoma, arial, helvetica, sans-serif; font-size: 10pt;\\\"><!-- [if !supportLists]--><span style=\\\"line-height: 120%;\\\">\u00b7<span style=\\\"font-stretch: normal; line-height: normal;\\\">\u00a0\u00a0\u00a0\u00a0<\/span><\/span><strong><em>Atelier Couture<\/em><\/strong><span style=\\\"line-height: 120%;\\\">: Presentaci\u00f3n de las colecciones 2017 de moda nupcial y de ceremonia. <strong>13 de abril de 2016<\/strong> en el Palacio Fern\u00e1n N\u00fa\u00f1ez, C\/ Santa Isabel, 44, Madrid. Para m\u00e1s informaci\u00f3n <a href=\\\"http:\/\/www.ateliercouture.es\/\\\" target=\\\"_blank\\\">pincha aqu\u00ed\u00a0<\/a><\/span><\/span><\/p>\n<p class=\\\"PrrafodelistaCxSpMiddle\\\" style=\\\"mso-add-space: auto; text-align: justify; text-indent: -18.0pt; line-height: 120%; mso-list: l0 level1 lfo1; margin: 6.0pt 0cm 6.0pt 36.0pt;\\\"><span style=\\\"font-family: tahoma, arial, helvetica, sans-serif; font-size: 10pt;\\\"><!-- [if !supportLists]--><span style=\\\"line-height: 120%;\\\">\u00b7<span style=\\\"font-stretch: normal; line-height: normal;\\\">\u00a0\u00a0\u00a0\u00a0<\/span><\/span><strong><em>Tercera edici\u00f3n Pasarela Costura Espa\u00f1a<\/em><\/strong><em>:<\/em><span style=\\\"line-height: 120%;\\\"> d\u00edas <strong>19 y 20 de abril de 2016<\/strong> en el Palacio de Cibeles de Madrid, con un total de 13 desfiles y 19 firmas de moda nupcial y de ceremonia. Para m\u00e1s informaci\u00f3n <a href=\\\"http:\/\/www.pasarelacostura.es\/\\\" target=\\\"_blank\\\">pincha aqu\u00ed\u00a0<\/a><\/span><\/span><\/p>\n<p class=\\\"MsoNormal\\\" style=\\\"margin-bottom: .0001pt; text-align: justify; line-height: 120%;\\\">\u00a0<\/p>\n<p class=\\\"MsoNormal\\\" style=\\\"margin-bottom: .0001pt; text-align: center; mso-pagination: none; mso-layout-grid-align: none; text-autospace: none;\\\" align=\\\"center\\\">\u00a0<\/p>\n<p class=\\\"MsoNormal\\\" style=\\\"margin-bottom: .0001pt; text-align: center; mso-pagination: none; mso-layout-grid-align: none; text-autospace: none;\\\" align=\\\"center\\\">\u00a0<\/p>\n","protected":false},"excerpt":{"rendered":"<p>Madrid Capital de Moda, iniciativa municipal basada en la&#8230;<\/p>\n","protected":false},"featured_media":7119,"template":"","meta":{"_acf_changed":false},"categories":[],"noticias":[],"class_list":["post-7118","noticias","type-noticias","status-publish","has-post-thumbnail","hentry"],"acf":[],"_links":{"self":[{"href":"https:\/\/test.madridemprende.anovagroup.es\/en\/wp-json\/wp\/v2\/noticias\/7118"}],"collection":[{"href":"https:\/\/test.madridemprende.anovagroup.es\/en\/wp-json\/wp\/v2\/noticias"}],"about":[{"href":"https:\/\/test.madridemprende.anovagroup.es\/en\/wp-json\/wp\/v2\/types\/noticias"}],"version-history":[{"count":0,"href":"https:\/\/test.madridemprende.anovagroup.es\/en\/wp-json\/wp\/v2\/noticias\/7118\/revisions"}],"wp:featuredmedia":[{"embeddable":true,"href":"https:\/\/test.madridemprende.anovagroup.es\/en\/wp-json\/wp\/v2\/media\/7119"}],"wp:attachment":[{"href":"https:\/\/test.madridemprende.anovagroup.es\/en\/wp-json\/wp\/v2\/media?parent=7118"}],"wp:term":[{"taxonomy":"category","embeddable":true,"href":"https:\/\/test.madridemprende.anovagroup.es\/en\/wp-json\/wp\/v2\/categories?post=7118"},{"taxonomy":"noticias","embeddable":true,"href":"https:\/\/test.madridemprende.anovagroup.es\/en\/wp-json\/wp\/v2\/noticias?post=7118"}],"curies":[{"name":"wp","href":"https:\/\/api.w.org\/{rel}","templated":true}]}}