{"id":7130,"date":"2016-04-28T00:00:00","date_gmt":"2016-04-28T00:00:00","guid":{"rendered":"https:\/\/pre.madridemprende.anovagroup.es\/noticias\/premiando-el-emprendimiento\/"},"modified":"2022-06-08T11:25:44","modified_gmt":"2022-06-08T09:25:44","slug":"premiando-el-emprendimiento","status":"publish","type":"noticias","link":"https:\/\/test.madridemprende.anovagroup.es\/en\/noticias\/premiando-el-emprendimiento\/","title":{"rendered":"Premiando el emprendimiento"},"content":{"rendered":"<p>El pasado jueves 27 de abril fue la <a href=\\\"https:\/\/fundacionjaes.wordpress.com\/2016\/04\/27\/x-competicion-nacional-de-miniempresas-los-premiados\/\\\" target=\\\"_blank\\\">X edici\u00f3n de la Competici\u00f3n Nacional de Miniempresas<\/a>\u00a0organizada por <a href=\\\"https:\/\/fundacionjaes.wordpress.com\/\\\" target=\\\"_blank\\\">Junior Archievement<\/a>\u00a0y celebrada en la <a href=\\\"http:\/\/www.frdelpino.es\/\\\" target=\\\"_blank\\\">Fundaci\u00f3n Rafael del Pino<\/a>.<\/p>\n<p>Dentro del <a href=\\\"http:\/\/www.fundacionjaes.org\/miniempresas\/\\\" target=\\\"_blank\\\">programa Miniempresas<\/a>, profesores y voluntarios de la comunidad empresarial han ayudado a los estudiantes a crear y dirigir sus negocios, as\u00ed como a desarrollar habilidades y competencias a lo largo de todo el a\u00f1o escolar.<br \/>Durante la gran final los 21 mejores proyectos de los 900 presentados, expusieron sus productos y defendieron la viabilidad de su empresa ante el jurado.<\/p>\n<p>El jurado, despu\u00e9s de deliberar otorg\u00f3 un total de 9 menciones especiales y 2 premios:<\/p>\n<p>La Directora General de Comercio y Emprendimiento del Ayuntamiento de Madrid, <strong>Concha D\u00edaz de Villegas<\/strong>, fue la encargada de entregar a <strong>Pilar Prieto<\/strong>, del I.E.S. Fray Luis de Le\u00f3n de Salamanca, el Premio a la Profesora Emprendedora del a\u00f1o por su trayectoria, apoyo y continua motivaci\u00f3n a los alumnos.<\/p>\n<p>Por su entusiasmo, por el imacto social y medioambiental, por la ejecuci\u00f3n de la idea, por la viabilidad y sostenibilidad, el equipo de alumnos ganador del Primer Premio fue <strong>Shellbag<\/strong>, proyecto que representar\u00e1 a Espa\u00f1a en la final europea que se celebrar\u00e1 el pr\u00f3ximo julio en Lucerna, Suiza. <br \/>El equipo lo componen In\u00e9s, Pablo, Pia, Alberto y Pia, liderados por su\u00a0profesora Beatriz.<\/p>\n<p>La bolsa biodegradable Shellbag\u00a0ya est\u00e1 patentada tiene\u00a0con una pegatina de doble cara que se adhiere f\u00e1cilmente a cualquier bolsa de snacks con c\u00e1scara, con el fin de depositar los residuos de cualquier fruto seco. La forma m\u00e1s sencilla, c\u00f3moda y econ\u00f3mica de mantener limpias las ciudades.<\/p>\n<p>El Programa Miniempresas\u00a0se lleva a cabo gracias a la colaboraci\u00f3n entre el <a href=\\\"http:\/\/www.madrid.es\/portal\/site\/munimadrid\\\" target=\\\"_blank\\\">Ayuntamiento de Madrid<\/a>\u00a0y entidades privadas como <a href=\\\"http:\/\/www.frdelpino.es\/\\\" target=\\\"_blank\\\">Fundaci\u00f3n Rafael del Pino<\/a>, <a href=\\\"http:\/\/www.siemens.com\/entry\/es\/es\/\\\" target=\\\"_blank\\\">Siemens<\/a>, <a href=\\\"http:\/\/www.citi.com\/spain\/citi\/\\\" target=\\\"_blank\\\">Citi<\/a>, <a href=\\\"http:\/\/www.ey.com\/ES\/es\/About-us\/Fundacion-EY-2-Organizacion\\\" target=\\\"_blank\\\">Fundaci\u00f3n EY<\/a>, <a href=\\\"http:\/\/corporate.arcelormittal.com\/\\\" target=\\\"_blank\\\">Arcelor Mittal<\/a>\u00a0y <a href=\\\"https:\/\/www.fundacionbancarialacaixa.org\/corporate\/home_es.html\\\" target=\\\"_blank\\\">Fundaci\u00f3n La Caixa<\/a>.<\/p>\n","protected":false},"excerpt":{"rendered":"<p>El pasado jueves 27 de abril fue la X edici\u00f3n de la Competici\u00f3n Nacional de&#8230;<\/p>\n","protected":false},"featured_media":7131,"template":"","meta":{"_acf_changed":false},"categories":[],"noticias":[],"class_list":["post-7130","noticias","type-noticias","status-publish","has-post-thumbnail","hentry"],"acf":[],"_links":{"self":[{"href":"https:\/\/test.madridemprende.anovagroup.es\/en\/wp-json\/wp\/v2\/noticias\/7130"}],"collection":[{"href":"https:\/\/test.madridemprende.anovagroup.es\/en\/wp-json\/wp\/v2\/noticias"}],"about":[{"href":"https:\/\/test.madridemprende.anovagroup.es\/en\/wp-json\/wp\/v2\/types\/noticias"}],"version-history":[{"count":0,"href":"https:\/\/test.madridemprende.anovagroup.es\/en\/wp-json\/wp\/v2\/noticias\/7130\/revisions"}],"wp:featuredmedia":[{"embeddable":true,"href":"https:\/\/test.madridemprende.anovagroup.es\/en\/wp-json\/wp\/v2\/media\/7131"}],"wp:attachment":[{"href":"https:\/\/test.madridemprende.anovagroup.es\/en\/wp-json\/wp\/v2\/media?parent=7130"}],"wp:term":[{"taxonomy":"category","embeddable":true,"href":"https:\/\/test.madridemprende.anovagroup.es\/en\/wp-json\/wp\/v2\/categories?post=7130"},{"taxonomy":"noticias","embeddable":true,"href":"https:\/\/test.madridemprende.anovagroup.es\/en\/wp-json\/wp\/v2\/noticias?post=7130"}],"curies":[{"name":"wp","href":"https:\/\/api.w.org\/{rel}","templated":true}]}}