{"id":7134,"date":"2016-05-05T00:00:00","date_gmt":"2016-05-05T00:00:00","guid":{"rendered":"https:\/\/pre.madridemprende.anovagroup.es\/noticias\/emprendimiento-en-la-feria-del-empleo-en-la-era-digital\/"},"modified":"2022-06-08T11:25:43","modified_gmt":"2022-06-08T09:25:43","slug":"emprendimiento-en-la-feria-del-empleo-en-la-era-digital","status":"publish","type":"noticias","link":"https:\/\/test.madridemprende.anovagroup.es\/en\/noticias\/emprendimiento-en-la-feria-del-empleo-en-la-era-digital\/","title":{"rendered":"Emprendimiento en la Feria del Empleo en la Era Digital"},"content":{"rendered":"<div>El Ayuntamiento de Madrid, a trav\u00e9s de la Direcci\u00f3n General de Comercio y Emprendimiento estar\u00e1 presente con un stand en la Feria del Empleo en la Era Digital <a href=\\\"https:\/\/twitter.com\/hashtag\/feed2016?f=tweets&#038;vertical=default&#038;src=hash\\\" target=\\\"_blank\\\">#FEED2016<\/a>, el mayor foro y congreso de Recursos Humanos y Encuentro del Talento Digital. Se celebrar\u00e1 los d\u00edas 24 y 25 de Mayo, en el Recinto Ferial Casa de Campo, Pabell\u00f3n Multiusos II \u2013 Avda Principal 18 de Madrid.<\/div>\n<p>El <a href=\\\"http:\/\/feriadelempleo.es\/\\\">Foro del Empleo en la Era Digital<\/a> &#8211; FEED2016 es a la vez una Feria de Empleo y un Congreso de RRHH y de Inteligencia Artificial.<\/p>\n<p>Las actividades del FEED2016 repartidos en 4 d\u00edas durante 2016 tienen 2 objetivos:<\/p>\n<ul>\n<li>Por una parte, se trata de 2 jornadas B2B con multitud de acciones de m\u00e1ximo inter\u00e9s en el \u00e1mbito de los Recursos Humanos como pueden ser el Congreso, con un formato multisalas con mesas redondas, talleres de formaci\u00f3n y masterclass sobre big data, transformaci\u00f3n digital en departamentos de RRHH, <strong>emprendimiento<\/strong>, marketing digital, formaci\u00f3n, coaching, tecnolog\u00eda, etc\u2026 con ponentes de las empresas m\u00e1s relevantes.<\/li>\n<\/ul>\n<ul>\n<li>Por otra, habr\u00e1 2 jornadas en los que las empresas podr\u00e1n captar candidatos. Los candidatos tendr\u00e1n la opci\u00f3n de contactar potencialmente con 500 empresas en cada edici\u00f3n, as\u00ed como disfrutar del Punto de Coaching, <strong>Hub Emprende<\/strong> y el Recorrido Tecnol\u00f3gico. Los candidatos podr\u00e1n optar a interesantes puestos de trabajo as\u00ed como pr\u00e1cticas remuneradas nacionales o en el extranjero.<\/li>\n<\/ul>\n<p>Ser\u00e1 en<strong> Hub Emprende<\/strong>, donde estar\u00e1 ubicado nuestro stand, donde se pondr\u00e1n conocer todos los servicios de apoyo al emprendimiento que el Ayuntamiento de Madrid pone a disposici\u00f3n de los madrile\u00f1os.<\/p>\n<p>La Direcci\u00f3n General de Comercio y Emprendimiento es la responsable de la Red de <a href=\\\"\/es\/emprendedores\/espacios-para-emprendedores\/viveros-de-empresas\\\"><strong>Viveros de Empresas de Madrid<\/strong><\/a>, que ofrecen no s\u00f3lo despachos, sino asesoramiento y tutelaje permanente de los proyectos; formaci\u00f3n; actividades de networking&#8230;, y en el que se han alojado 400 startups.<\/p>\n<p>En algunos, se dispone de <a href=\\\"\/es\/emprendedores\/espacios-para-emprendedores\/preincubadoras-y-espacios-compartidos\\\"><strong>preincubadoras<\/strong><\/a><strong> y espacios de coworking<\/strong>, infraestructuras cuyo uso se cede de forma temporal y gratuita, para apoyar a los emprendedores en sus planes de empresa\u00a0y, para dotar de un espacio de trabajo a startups que suelen desarrollar su actividad empresarial en la sede de sus clientes. Estos servicios apoyan anualmente a m\u00e1s de 300 proyectos empresariales.<\/p>\n<p>Como <a href=\\\"\/es\/emprendedores\/tramitacion\/puntos-atencion-al-emprendedor\\\"><strong>Punto de Atenci\u00f3n al Emprendedor<\/strong>\u00a0<\/a>(PAE), se tramita telem\u00e1ticamente la constituci\u00f3n de nuevas empresas, habi\u00e9ndose creado ya 5.400 empresas.<\/p>\n<p>En la <a href=\\\"\/es\/emprendedores\/asesoramiento-a-emprendedores\/ventanilla-unica-del-emprendedor\\\"><strong>Ventanilla \u00danica del Emprendedor<\/strong><\/a> disponemos de un servicio a los emprendedores, donde se asesora sobre los pasos y tr\u00e1mites administrativos para la creaci\u00f3n de empresas, subvenciones y ayudas, o recursos disponibles de apoyo a los emprendedores. Un espacio para sacar adelante iniciativas que llega cada a\u00f1o a 10.000 emprendedores.<\/p>\n<p>A trav\u00e9s de los <a href=\\\"\/es\/mercados\/mercados-de-madrid\\\"><strong>Mercados Municipales<\/strong><\/a> ofrecemos locales comerciales para emprender, para el desarrollo de diversas actividades en un entorno comercial consolidado y con un coste muy competitivo. Son un espacio id\u00f3neo para encontrar nuevas oportunidades para emprender tu negocio<\/p>\n<p>Algunas empresas que ya han confirmado su presencia y que participar\u00e1n en el evento son: AECOP, AEDRH, Agencia EFE, Agencia para el Empleo de Madrid, AIESEC, AJA, Altran Innovaci\u00f3n, AEEN, Axa Seguros, Ayuntamiento de Madrid, Bausch&#038;Lomb, BBVA, Billin, Business Intuitive Training, Cepsa, CEAJE, Cegos, CICE, Coaching Comercial, Coaching Indoor, Data Success360, Deloitte, Dentsu Aegis Network, Direct Seguros, ECDL, Easy Recrue, Formaci\u00f3n Experta, Foro Econom\u00eda Digital, Generali, Helsinki Espa\u00f1a, ICEMD\/ESIC, Iformalia, Innopoulse, Ineco, Inesdi, Infoempleo, ISDI, Jobfie, Kiabi, Gobierno de la Rioja, Leading Solutions, Leroy Merlin, Luckia, Nationale Nederlanden, Nestl\u00e9, Negocios&#038;Networking, Occursum, Orange, OVB, Recruitery Jobs, Robbokids, SEPE, SAP, Spain Business School, Start_UC3M, S\u00famate, Telef\u00f3nica Educaci\u00f3n Digital, TicJob, UPTA, Viewnext, Wolters Kluwer Espa\u00f1a, Worktoday y muchas m\u00e1s!\u00a0<\/p>\n<p><strong>CONGRESO DE RRHH<br \/> <\/strong>FEED2016 tiene prevista la asistencia de 2.000 profesionales de RRHH, marketing y marketing digital que se dar\u00e1n cita para asistir a un programa formativo con m\u00e1s de 50 ponencias, talleres y mesas redondas con expertos (nacionales e internacionales) sobre los temas m\u00e1s actuales del sector.<\/p>\n<p><strong>NOVEDADES <\/strong><\/p>\n<p>En esta edici\u00f3n, se celebrar\u00e1 de manera simult\u00e1nea <a href=\\\"http:\/\/feriadelempleo.es\/congreso-inteligencia-artificial\/\\\">la Feria de Inteligencia Artificial \u2013 iaRTE<\/a> con un congreso que tratar\u00e1 temas de actualidad como Smart Cities, Internet of Things, Drones, Redes 5G, Realidad Virtual, Cyberseguridad, Hacking Realidad Aumentada, Taller de Rob\u00f3tica y Veh\u00edculos Inteligentes.<\/p>\n<p>\u00a0<\/p>\n<p>M\u00e1s informaci\u00f3n en <a href=\\\"http:\/\/www.feriadelempleo.es\\\">http:\/\/www.feriadelempleo.es<\/a><\/p>\n","protected":false},"excerpt":{"rendered":"<p>El Ayuntamiento de Madrid, a trav\u00e9s de la Direcci\u00f3n General de Comercio y&#8230;<\/p>\n","protected":false},"featured_media":7135,"template":"","meta":{"_acf_changed":false},"categories":[],"noticias":[],"class_list":["post-7134","noticias","type-noticias","status-publish","has-post-thumbnail","hentry"],"acf":[],"_links":{"self":[{"href":"https:\/\/test.madridemprende.anovagroup.es\/en\/wp-json\/wp\/v2\/noticias\/7134"}],"collection":[{"href":"https:\/\/test.madridemprende.anovagroup.es\/en\/wp-json\/wp\/v2\/noticias"}],"about":[{"href":"https:\/\/test.madridemprende.anovagroup.es\/en\/wp-json\/wp\/v2\/types\/noticias"}],"version-history":[{"count":0,"href":"https:\/\/test.madridemprende.anovagroup.es\/en\/wp-json\/wp\/v2\/noticias\/7134\/revisions"}],"wp:featuredmedia":[{"embeddable":true,"href":"https:\/\/test.madridemprende.anovagroup.es\/en\/wp-json\/wp\/v2\/media\/7135"}],"wp:attachment":[{"href":"https:\/\/test.madridemprende.anovagroup.es\/en\/wp-json\/wp\/v2\/media?parent=7134"}],"wp:term":[{"taxonomy":"category","embeddable":true,"href":"https:\/\/test.madridemprende.anovagroup.es\/en\/wp-json\/wp\/v2\/categories?post=7134"},{"taxonomy":"noticias","embeddable":true,"href":"https:\/\/test.madridemprende.anovagroup.es\/en\/wp-json\/wp\/v2\/noticias?post=7134"}],"curies":[{"name":"wp","href":"https:\/\/api.w.org\/{rel}","templated":true}]}}