{"id":7142,"date":"2016-05-13T00:00:00","date_gmt":"2016-05-13T00:00:00","guid":{"rendered":"https:\/\/pre.madridemprende.anovagroup.es\/noticias\/entrega-degalardones-latinos-emprendedoresen-espaa\/"},"modified":"2022-06-08T11:25:42","modified_gmt":"2022-06-08T09:25:42","slug":"entrega-degalardones-latinos-emprendedoresen-espaa","status":"publish","type":"noticias","link":"https:\/\/test.madridemprende.anovagroup.es\/en\/noticias\/entrega-degalardones-latinos-emprendedoresen-espaa\/","title":{"rendered":"Entrega de\u00a0Galardones Latinos emprendedores\u00a0en Espa\u00f1a"},"content":{"rendered":"<p>El pr\u00f3ximo 20 de mayo se entregar\u00e1n en el <a href=\\\"\/es\/emprendedores\/espacios-para-emprendedores\/viveros-de-empresas\/Viveros\/ficha\/1d2b603c5ca5d984996cb36e7138fd9d\/\\\">Vivero de Empresas de\u00a0Vic\u00e1lvaro<\/a>\u00a0los <a href=\\\"http:\/\/latinosemprendedores.info\/\\\" target=\\\"_blank\\\">galardones Latinos emprendedores<\/a>\u00a0en Espa\u00f1a, la gala comenzar\u00e1 a las 16:00h y tiene prevista su finalizaci\u00f3n a las 20:00h<\/p>\n<p>Esta iniciativa cuenta con la colaboraci\u00f3n del <a href=\\\"http:\/\/www.telepacifico.com\/home\/\\\" target=\\\"_blank\\\">Canal de TV Telepacifico<\/a>\u00a0en Colombia, <a href=\\\"http:\/\/www.radiotentacion.com\/\\\" target=\\\"_blank\\\">Radio Tentaci\u00f3n<\/a>\u00a0y el <a href=\\\"http:\/\/www.madrid.es\/portal\/site\/munimadrid\\\" target=\\\"_blank\\\">Ayuntamiento de Madrid<\/a>, a trav\u00e9s de la\u00a0<a href=\\\"\/es\\\" target=\\\"_blank\\\">Direcci\u00f3n General de Comercio y Emprendimiento<\/a>.<\/p>\n<p>En su primera edici\u00f3n\u00a0se\u00a0consolid\u00f3\u00a0como uno de los eventos m\u00e1s significativos en el entorno econ\u00f3mico y \u00a0empresarial Espa\u00f1ol. Se entregar\u00e1n 16 galardones en 4 categor\u00edas: crecimiento empresarial, emprendiendo, emprendedor innovador y emprendedores con impacto social.\u00a0\u00a0<\/p>\n<p>En esta\u00a0 Gala\u00a0 se contar\u00e1 con la presencia de diferentes medio de comunicaci\u00f3n espa\u00f1oles y Latinos que cubrir\u00e1n el evento y contaremos con la presencia del Excelent\u00edsimo Sr. Embajador General\u00a0 de Honduras en Espa\u00f1a <strong>Don Norman Garcia<\/strong>, <strong>Don <\/strong><strong>Juan Manuel Uribe Robledo<\/strong> Ministro Plenipotenciario de la Embajada de Colombia, Ministra Consejera de la Embajada de Rep. Dominicana <strong>D\u00f1a. Alejandra Hern\u00e1ndez<\/strong>, <strong>Don Christian Mancheno<\/strong>\u00a0 Embajada de Ecuador en Madrid, <strong>Don Arturo Chipoco Caceda<\/strong> C\u00f3nsul General de Per\u00fa, Don <strong>Antonio Pena<\/strong> C\u00f3nsul General de Chile en Madrid, Don <strong>Leonel Mateo Hernandez<\/strong> Consejero de Asuntos Econ\u00f3micos y Comerciales de la Embajada de Rep. Dominicana, <strong>D\u00f1a. \u00c1ngela Zuluaga<\/strong> Coordinadora de Programa Colombia Nos Une (Consulado de Colombia en Madrid), <strong>D\u00f1a.<\/strong> <strong>Maria Concepci\u00f3n\u00a0 D\u00edaz De Villegas<\/strong> <strong>Directora General de Comercio y Emprendimiento del\u00a0 Ayuntamiento de Madrid<\/strong>, <strong>Don Jos\u00e9 Mar\u00eda Gonz\u00e1lez Blanch<\/strong> Director en el Vivero de Empresas de Vic\u00e1lvaro <strong>Don Francisco Jos\u00e9 Blanco Jim\u00e9nez<\/strong> Coordinador de emprendimiento de Universidad Rey Juan Carlos, junto a principales autoridades del \u00e1mbito econ\u00f3mico, financiero y pol\u00edtico de Espa\u00f1a.\u00a0<\/p>\n","protected":false},"excerpt":{"rendered":"<p>El pr\u00f3ximo 20 de mayo se entregar\u00e1n en el Vivero de Empresas&#8230;<\/p>\n","protected":false},"featured_media":7143,"template":"","meta":{"_acf_changed":false},"categories":[],"noticias":[],"class_list":["post-7142","noticias","type-noticias","status-publish","has-post-thumbnail","hentry"],"acf":[],"_links":{"self":[{"href":"https:\/\/test.madridemprende.anovagroup.es\/en\/wp-json\/wp\/v2\/noticias\/7142"}],"collection":[{"href":"https:\/\/test.madridemprende.anovagroup.es\/en\/wp-json\/wp\/v2\/noticias"}],"about":[{"href":"https:\/\/test.madridemprende.anovagroup.es\/en\/wp-json\/wp\/v2\/types\/noticias"}],"version-history":[{"count":0,"href":"https:\/\/test.madridemprende.anovagroup.es\/en\/wp-json\/wp\/v2\/noticias\/7142\/revisions"}],"wp:featuredmedia":[{"embeddable":true,"href":"https:\/\/test.madridemprende.anovagroup.es\/en\/wp-json\/wp\/v2\/media\/7143"}],"wp:attachment":[{"href":"https:\/\/test.madridemprende.anovagroup.es\/en\/wp-json\/wp\/v2\/media?parent=7142"}],"wp:term":[{"taxonomy":"category","embeddable":true,"href":"https:\/\/test.madridemprende.anovagroup.es\/en\/wp-json\/wp\/v2\/categories?post=7142"},{"taxonomy":"noticias","embeddable":true,"href":"https:\/\/test.madridemprende.anovagroup.es\/en\/wp-json\/wp\/v2\/noticias?post=7142"}],"curies":[{"name":"wp","href":"https:\/\/api.w.org\/{rel}","templated":true}]}}