{"id":7146,"date":"2016-05-18T00:00:00","date_gmt":"2016-05-18T00:00:00","guid":{"rendered":"https:\/\/pre.madridemprende.anovagroup.es\/noticias\/nueva-edicin-del-premio-al-emprendedor-universitario\/"},"modified":"2022-06-08T11:25:42","modified_gmt":"2022-06-08T09:25:42","slug":"nueva-edicin-del-premio-al-emprendedor-universitario","status":"publish","type":"noticias","link":"https:\/\/test.madridemprende.anovagroup.es\/en\/noticias\/nueva-edicin-del-premio-al-emprendedor-universitario\/","title":{"rendered":"Nueva edici\u00f3n del Premio al Emprendedor Universitario"},"content":{"rendered":"<p>Un a\u00f1o m\u00e1s la Universidad Aut\u00f3noma de Madrid convoca el\u00a0<a href=\\\"http:\/\/www.ciade.org\/6-2\/6-2-1\\\" target=\\\"_blank\\\">14\u00ba Premio al Emprendedor Universitario<\/a>\u00a0 con el objetivo de estimular a aquellos que tengan una idea emprendedora y quieran transformarla en una empresa, u otra entidad, con garant\u00edas de viabilidad y calidad.<\/p>\n<p>Ofrece un <strong>Premio al Mejor Proyecto<\/strong> y otros tres premios en: <strong>Ciencia y Tecnolog\u00eda<\/strong>, <strong>Humanidades y Ciencias Sociales<\/strong>, <strong>Emprendimiento Social<\/strong> que suponen en total <strong>15.000\u20ac en premios<\/strong>.<\/p>\n<p>El Ayuntamiento de Madrid, a trav\u00e9s de la <a href=\\\"\/\\\">Direcci\u00f3n General de Comercio y Emprendimiento<\/a>, colabora de nuevo en esta edici\u00f3n con la dotaci\u00f3n de <strong>dos premios<\/strong> consistentes en alojamiento gratuito de entre 6 meses y 1 a\u00f1o en las <a href=\\\"\/es\/emprendedores\/espacios-para-emprendedores\/preincubadoras-y-espacios-compartidos\\\">incubadoras de su Red de Viveros de Empresas<\/a>.<\/p>\n<p>Se realizaran dos fases: un proceso de formaci\u00f3n de los participantes seguido de la elaboraci\u00f3n, con la ayuda de especialistas, del Plan de Negocio, determinante para decidir los ganadores.<\/p>\n<p>En esta primera fase s\u00f3lo se necesita tener una idea e inscribirse a trav\u00e9s de la web <a href=\\\"http:\/\/www.ciade.org\/6-2\/6-2-1\/6-2-1-2\\\" target=\\\"_blank\\\">ciade.org\/eventos-ciade\/premio\/formulario<\/a> hasta el <strong>16 de Junio<\/strong> de 2016, inclusive.<\/p>\n<p>Las <a href=\\\"http:\/\/www.ciade.org\/6-2\/6-2-1\/6-2-1-1\\\" target=\\\"_blank\\\">Bases de la Convocatoria<\/a> permiten la participaci\u00f3n a toda la Comunidad Universitaria, o a Organismos P\u00fablicos de Investigaci\u00f3n, as\u00ed como de los Hospitales y Centros Adscritos a los mismos (profesorado universitario, personal investigador, estudiantes y\/o personal de administraci\u00f3n y servicios) de la Comunidad de Madrid.<\/p>\n","protected":false},"excerpt":{"rendered":"<p>Un a\u00f1o m\u00e1s la Universidad Aut\u00f3noma de Madrid convoca el\u00a014\u00ba Premio al&#8230;<\/p>\n","protected":false},"featured_media":7147,"template":"","meta":{"_acf_changed":false},"categories":[],"noticias":[],"class_list":["post-7146","noticias","type-noticias","status-publish","has-post-thumbnail","hentry"],"acf":[],"_links":{"self":[{"href":"https:\/\/test.madridemprende.anovagroup.es\/en\/wp-json\/wp\/v2\/noticias\/7146"}],"collection":[{"href":"https:\/\/test.madridemprende.anovagroup.es\/en\/wp-json\/wp\/v2\/noticias"}],"about":[{"href":"https:\/\/test.madridemprende.anovagroup.es\/en\/wp-json\/wp\/v2\/types\/noticias"}],"version-history":[{"count":0,"href":"https:\/\/test.madridemprende.anovagroup.es\/en\/wp-json\/wp\/v2\/noticias\/7146\/revisions"}],"wp:featuredmedia":[{"embeddable":true,"href":"https:\/\/test.madridemprende.anovagroup.es\/en\/wp-json\/wp\/v2\/media\/7147"}],"wp:attachment":[{"href":"https:\/\/test.madridemprende.anovagroup.es\/en\/wp-json\/wp\/v2\/media?parent=7146"}],"wp:term":[{"taxonomy":"category","embeddable":true,"href":"https:\/\/test.madridemprende.anovagroup.es\/en\/wp-json\/wp\/v2\/categories?post=7146"},{"taxonomy":"noticias","embeddable":true,"href":"https:\/\/test.madridemprende.anovagroup.es\/en\/wp-json\/wp\/v2\/noticias?post=7146"}],"curies":[{"name":"wp","href":"https:\/\/api.w.org\/{rel}","templated":true}]}}