{"id":7148,"date":"2016-05-23T00:00:00","date_gmt":"2016-05-23T00:00:00","guid":{"rendered":"https:\/\/pre.madridemprende.anovagroup.es\/noticias\/emprendimiento-sin-fronteras\/"},"modified":"2022-06-08T11:25:42","modified_gmt":"2022-06-08T09:25:42","slug":"emprendimiento-sin-fronteras","status":"publish","type":"noticias","link":"https:\/\/test.madridemprende.anovagroup.es\/en\/noticias\/emprendimiento-sin-fronteras\/","title":{"rendered":"Emprendimiento sin fronteras"},"content":{"rendered":"<p>\u201cLo que importan son los proyectos y las personas\u201d. La frase es de Concha D\u00edaz de Villegas, directora de Comercio y Emprendimiento del Ayuntamiento de Madrid, durante la entrega de los Galardones Latinos Emprendedores en Espa\u00f1a en el Vivero de Empresas de Vic\u00e1lvaro. Los premios son una iniciativa\u00a0\u00a0 auspiciada por Telepac\u00edfico en Colombia, Radio Tentaci\u00f3n y el Ayuntamiento para reconocer en sus cuatro categor\u00edas \u2013Crecimiento empresarial, Emprendiendo, Emprendedor innovador y Emprendedores con Impacto Social\u2013 la labor y el talento de empresas, emprendedores e instituciones latinoamericanas ante la sociedad espa\u00f1ola.<\/p>\n<p>Bajo esa premisa, la del emprendimiento sin fronteras, viene trabajando la\u00a0 direcci\u00f3n de Comercio y Emprendimiento dependiente del \u00e1rea de Equidad, Derechos Sociales y Empleo. Lo demuestran las cifras: el pasado a\u00f1o m\u00e1s del 21% de las personas atendidas en la Ventanilla \u00danica del Emprendedor fueron residentes en la capital de origen extranjero.\u00a0 Otro dato en la misma l\u00ednea, aunque con ratios m\u00e1s bajos: algo m\u00e1s del 6% de los 244 emprendedores en despacho en la Red Municipal de Viveros de Empresas tampoco era de origen espa\u00f1ol como tampoco lo era ese casi 15% de asesorados en las instalaciones de los viveros.\u00a0<\/p>\n<p>A la entrega de los premios, que cumplen este a\u00f1o su segunda edici\u00f3n, han asistido embajadores y representantes diplom\u00e1ticos de Honduras, Colombia, Rep\u00fablica Dominicana, Ecuador y Per\u00fa. Junto a ellos, ha estado la directora de Comercio y Emprendimiento del \u00c1rea de Equidad, Derechos Sociales y Empleo, Concha D\u00edaz de Villegas. \u201cHacemos una fuerte apuesta por el emprendimiento y estos proyectos reflejan el grado de integraci\u00f3n y el deseo de contribuir al fortalecimiento de la econom\u00eda espa\u00f1ola por parte de personas que no han nacido aqu\u00ed\u201d.<\/p>\n","protected":false},"excerpt":{"rendered":"<p>\u201cLo que importan son los proyectos y las personas\u201d. La frase es de Concha&#8230;<\/p>\n","protected":false},"featured_media":7149,"template":"","meta":{"_acf_changed":false},"categories":[],"noticias":[],"class_list":["post-7148","noticias","type-noticias","status-publish","has-post-thumbnail","hentry"],"acf":[],"_links":{"self":[{"href":"https:\/\/test.madridemprende.anovagroup.es\/en\/wp-json\/wp\/v2\/noticias\/7148"}],"collection":[{"href":"https:\/\/test.madridemprende.anovagroup.es\/en\/wp-json\/wp\/v2\/noticias"}],"about":[{"href":"https:\/\/test.madridemprende.anovagroup.es\/en\/wp-json\/wp\/v2\/types\/noticias"}],"version-history":[{"count":0,"href":"https:\/\/test.madridemprende.anovagroup.es\/en\/wp-json\/wp\/v2\/noticias\/7148\/revisions"}],"wp:featuredmedia":[{"embeddable":true,"href":"https:\/\/test.madridemprende.anovagroup.es\/en\/wp-json\/wp\/v2\/media\/7149"}],"wp:attachment":[{"href":"https:\/\/test.madridemprende.anovagroup.es\/en\/wp-json\/wp\/v2\/media?parent=7148"}],"wp:term":[{"taxonomy":"category","embeddable":true,"href":"https:\/\/test.madridemprende.anovagroup.es\/en\/wp-json\/wp\/v2\/categories?post=7148"},{"taxonomy":"noticias","embeddable":true,"href":"https:\/\/test.madridemprende.anovagroup.es\/en\/wp-json\/wp\/v2\/noticias?post=7148"}],"curies":[{"name":"wp","href":"https:\/\/api.w.org\/{rel}","templated":true}]}}