{"id":7152,"date":"2016-06-08T00:00:00","date_gmt":"2016-06-08T00:00:00","guid":{"rendered":"https:\/\/pre.madridemprende.anovagroup.es\/noticias\/ya-ha-comenzado-decoraccin-2016\/"},"modified":"2022-06-08T11:25:39","modified_gmt":"2022-06-08T09:25:39","slug":"ya-ha-comenzado-decoraccin-2016","status":"publish","type":"noticias","link":"https:\/\/test.madridemprende.anovagroup.es\/en\/noticias\/ya-ha-comenzado-decoraccin-2016\/","title":{"rendered":"\u00a1Ya ha comenzado DecorAcci\u00f3n 2016!"},"content":{"rendered":"<p><span style=\\\"font-size: 10pt; font-family: tahoma, arial, helvetica, sans-serif;\\\">DecorAcci\u00f3n 2016 ha arrancado este mi\u00e9rcoles tomando el Barrio de las Letras y entre sus novedades destaca la calle Alameda como \u00e1rea especial dedicada \u00edntegramente a las telas, adem\u00e1s de la multiplicaci\u00f3n de mercadillos callejeros.<\/span><\/p>\n<p><span style=\\\"font-family: tahoma, arial, helvetica, sans-serif; font-size: 10pt;\\\">La organizaci\u00f3n ha corrido a cargo de la<span class=\\\"apple-converted-space\\\">\u00a0<\/span><strong>Asociaci\u00f3n de Comerciantes<\/strong>, la revista <strong>Nuevo Estilo<\/strong><span class=\\\"apple-converted-space\\\">\u00a0<\/span>y, una vez m\u00e1s, el<span class=\\\"apple-converted-space\\\">\u00a0<\/span><strong>Ayuntamiento de Madrid<\/strong><span class=\\\"apple-converted-space\\\">\u00a0<\/span>a trav\u00e9s de su apoyo institucional al \u00a0evento.<\/span><\/p>\n<p><span style=\\\"font-family: tahoma, arial, helvetica, sans-serif; font-size: 10pt;\\\">Dise\u00f1adores de toda la geograf\u00eda han venido para exponer \u00a0sus obras en los escaparates y fachadas del barrio y ofrecer diversos talleres a los visitantes.<\/span><\/p>\n<p><span style=\\\"font-family: tahoma, arial, helvetica, sans-serif; font-size: 10pt;\\\">Se estima que en esta s\u00e9ptima edici\u00f3n se superen los 200.000 visitantes.<\/span><\/p>\n<p style=\\\"text-align: justify;\\\"><span style=\\\"font-family: tahoma, arial, helvetica, sans-serif; font-size: 10pt;\\\">El centro neur\u00e1lgico de DecorAcci\u00f3n es el Palacio de Santo\u00f1a, sede de la C\u00e1mara de Comercio de Madrid, un lugar de encuentro en el que se podr\u00e1n admirar las propuestas m\u00e1s vanguardistas de interiorismo y participar en diferentes talleres de decoraci\u00f3n impartidos en colaboraci\u00f3n con la Universidad Complutense de Madrid.<br \/><\/span><\/p>\n<div style=\\\"text-align: center;\\\"><span style=\\\"font-family: tahoma, arial, helvetica, sans-serif; font-size: 10pt;\\\"><strong>\u00bfQU\u00c9 PODEMOS ENCONTRAR EN DECORACCI\u00d3N 2016?<\/strong><\/span><\/div>\n<ul>\n<li><span style=\\\"font-family: tahoma, arial, helvetica, sans-serif; font-size: 10pt;\\\"><span style=\\\"text-indent: -18pt;\\\">Un total de 125 <\/span><strong style=\\\"font-family: tahoma, arial, helvetica, sans-serif; font-size: 10pt; text-indent: -18pt;\\\">instalaciones de autor<\/strong><span style=\\\"text-indent: -18pt;\\\"> que transformar\u00e1n escaparates, fachadas e interiores de locales y tiendas.<\/span><\/span><\/li>\n<li><span style=\\\"font-family: tahoma, arial, helvetica, sans-serif; font-size: 10pt;\\\"><strong style=\\\"font-family: tahoma, arial, helvetica, sans-serif; font-size: 10pt; text-indent: -18pt;\\\">Mercadillos<\/strong><span style=\\\"text-indent: -18pt;\\\"> de anticuarios y almonedas en las calles Cervanes, Quevedo, San Agust\u00edn, San Jos\u00e9 y San Pedo.<\/span><\/span><\/li>\n<li><span style=\\\"font-family: tahoma, arial, helvetica, sans-serif; font-size: 10pt;\\\"><strong style=\\\"font-family: tahoma, arial, helvetica, sans-serif; font-size: 10pt; text-indent: -18pt;\\\">Mercado Pop Up<\/strong><span style=\\\"text-indent: -18pt;\\\"> en la Calle Morat\u00edn donde se han desplegado\u00a0propuestas de artesanos y disen\u0303adores con la mejor selecci\u00f3n de textiles, mobiliario y cer\u00e1micas.<\/span><\/span><\/li>\n<li><span style=\\\"font-family: tahoma, arial, helvetica, sans-serif; font-size: 10pt;\\\"><span style=\\\"text-align: justify; text-indent: -18pt;\\\">La <\/span><strong style=\\\"font-family: tahoma, arial, helvetica, sans-serif; font-size: 10pt; text-align: justify; text-indent: -18pt;\\\">Calle de las Telas<\/strong><span style=\\\"text-align: justify; text-indent: -18pt;\\\"> que abarca la calle Alameda y Ver\u00f3nica. All\u00ed encontramos las intervenciones art\u00edsticas de firmas textiles y papeles pintados.<\/span><\/span><\/li>\n<li><span style=\\\"text-align: justify; text-indent: -18pt; font-family: tahoma, arial, helvetica, sans-serif; font-size: 10pt;\\\">La plaza de Plater\u00edas convertida en un inmenso sal\u00f3n por unos d\u00edas.<\/span><\/li>\n<\/ul>\n<p><span style=\\\"font-family: tahoma, arial, helvetica, sans-serif; font-size: 10pt;\\\">Por otro lado, 30 viviendas del barrio han participado en el <strong>III Concurso de Balcones<\/strong>, cuyo ganador ser\u00e1 premiado con 1.000 \u20ac. \u00a0<\/span><\/p>\n<p><span style=\\\"font-family: tahoma, arial, helvetica, sans-serif; font-size: 10pt;\\\">Tal y como afirma el<em>\u00a0 <\/em>Presidente de la Asociaci\u00f3n de Comerciantes del Barrio de las Letras, <em>\u00abEl Barrio de las Letras es el hogar de los mejores interioristas de nuestro pa\u00eds. Despu\u00e9s de seis ediciones hemos conseguido que DecorAcci\u00f3n se convierta en la cita m\u00e1s importante con ese mundo que ya es parte de nuestra esencia como barrio y que sea visible en nuestras calles y plazas\u00bb<\/p>\n<p><\/em><span lang=\\\"ES\\\" style=\\\"text-align: justify; line-height: 115%; color: #272522;\\\">Puedes encontrar m\u00e1s informaci\u00f3n en <\/span><a style=\\\"text-align: justify;\\\" href=\\\"http:\/\/www.barrioletras.com\/\\\"><span lang=\\\"ES\\\" style=\\\"mso-bidi-font-size: 12.0pt; line-height: 115%; mso-bidi-font-family: Calibri; mso-bidi-theme-font: minor-latin; mso-ansi-language: ES;\\\">http:\/\/www.barrioletras.com\/<\/span><\/a><\/span><\/p>\n<p class=\\\"MsoNormal\\\" style=\\\"text-align: justify; mso-layout-grid-align: none; text-autospace: none;\\\"><span lang=\\\"ES\\\" style=\\\"line-height: 115%; color: #272522; font-family: tahoma, arial, helvetica, sans-serif; font-size: 10pt;\\\">\u00a0<\/span><\/p>\n","protected":false},"excerpt":{"rendered":"<p>DecorAcci\u00f3n 2016 ha arrancado este mi\u00e9rcoles tomando el Barrio de las&#8230;<\/p>\n","protected":false},"featured_media":7153,"template":"","meta":{"_acf_changed":false},"categories":[],"noticias":[],"class_list":["post-7152","noticias","type-noticias","status-publish","has-post-thumbnail","hentry"],"acf":[],"_links":{"self":[{"href":"https:\/\/test.madridemprende.anovagroup.es\/en\/wp-json\/wp\/v2\/noticias\/7152"}],"collection":[{"href":"https:\/\/test.madridemprende.anovagroup.es\/en\/wp-json\/wp\/v2\/noticias"}],"about":[{"href":"https:\/\/test.madridemprende.anovagroup.es\/en\/wp-json\/wp\/v2\/types\/noticias"}],"version-history":[{"count":0,"href":"https:\/\/test.madridemprende.anovagroup.es\/en\/wp-json\/wp\/v2\/noticias\/7152\/revisions"}],"wp:featuredmedia":[{"embeddable":true,"href":"https:\/\/test.madridemprende.anovagroup.es\/en\/wp-json\/wp\/v2\/media\/7153"}],"wp:attachment":[{"href":"https:\/\/test.madridemprende.anovagroup.es\/en\/wp-json\/wp\/v2\/media?parent=7152"}],"wp:term":[{"taxonomy":"category","embeddable":true,"href":"https:\/\/test.madridemprende.anovagroup.es\/en\/wp-json\/wp\/v2\/categories?post=7152"},{"taxonomy":"noticias","embeddable":true,"href":"https:\/\/test.madridemprende.anovagroup.es\/en\/wp-json\/wp\/v2\/noticias?post=7152"}],"curies":[{"name":"wp","href":"https:\/\/api.w.org\/{rel}","templated":true}]}}