{"id":7176,"date":"2016-06-13T00:00:00","date_gmt":"2016-06-13T00:00:00","guid":{"rendered":"https:\/\/pre.madridemprende.anovagroup.es\/noticias\/salesasvillagecelebrasucuartaedicin-de-17-al-19-de-junio\/"},"modified":"2022-06-08T11:25:38","modified_gmt":"2022-06-08T09:25:38","slug":"salesasvillagecelebrasucuartaedicin-de-17-al-19-de-junio","status":"publish","type":"noticias","link":"https:\/\/test.madridemprende.anovagroup.es\/en\/noticias\/salesasvillagecelebrasucuartaedicin-de-17-al-19-de-junio\/","title":{"rendered":"Salesas\u00a0Village\u00a0celebra\u00a0su\u00a0cuarta\u00a0edici\u00f3n de 17 al 19 de junio"},"content":{"rendered":"<div style=\\\"box-sizing: border-box; color: #5a5a5a; font-family: \\'PT Sans\\', sans-serif; font-size: 14px; line-height: 20px; background-color: #ffffff;\\\">Salesas Village [Festival] se suma a la iniciativa de convertir junio en el mes del dise\u00f1o de interiores y la decoraci\u00f3n celebrando su cuarta edici\u00f3n entre los d\u00edas 17, 18 y 19 de junio, con una clara apuesta por esta tem\u00e1tica.\u00a0<\/div>\n<p style=\\\"box-sizing: border-box; margin: 0px 0px 10px; color: #5a5a5a; font-family: \\'PT Sans\\', sans-serif; font-size: 14px; line-height: 20px; background-color: #ffffff;\\\"><br style=\\\"box-sizing: border-box;\\\" \/>Un nuevo encuentro para todos los madrile\u00f1os y visitantes en el que m\u00e1s de 70 comercios y establecimientos del barrio se unen para ofrecer un programa con descuentos especiales, actividades y m\u00fasica en directo para crear el plan perfecto para toda la familia durante el fin de semana.\u00a0<br style=\\\"box-sizing: border-box;\\\" \/><br style=\\\"box-sizing: border-box;\\\" \/>En esta edici\u00f3n, gracias al Programa Priceless Madrid, quienes abonen sus compras con sus tarjetas MasterCard podr\u00e1n acceder a un atractivo programa de descuentos y regalos directos, no s\u00f3lo en los street markets, sino tambi\u00e9n en todo el comercio de la zona, incluyendo as\u00ed toda la oferta del barrio.\u00a0<br style=\\\"box-sizing: border-box;\\\" \/><br style=\\\"box-sizing: border-box;\\\" \/>Como viene siendo costumbre, la Plaza de las Salesas se decorar\u00e1 con multitud de puestos en un street market en pleno centro de Madrid, a la que se une, por primera vez, la plazuela que se forma en la intersecci\u00f3n entre las calles San Gregorio y San Lucas. En ambas, los visitantes podr\u00e1n disfrutar de la oferta en decoraci\u00f3n y mobiliario m\u00e1s vanguardista, adem\u00e1s de una interesante oferta gastron\u00f3mica y talleres, cuyo calendario estar\u00e1 disponible al p\u00fablico en la plaza durante los d\u00edas del evento.\u00a0<br style=\\\"box-sizing: border-box;\\\" \/><br style=\\\"box-sizing: border-box;\\\" \/>Salesas Village [Festival] forma parte de un proyecto m\u00e1s ambicioso cuyo objetivo es unir a todo el comercio de la zona, proponiendo acciones de animaci\u00f3n y dinamizaci\u00f3n comercial en una de los barrios referentes en comercio y oferta gastron\u00f3mica de Madrid, que, adem\u00e1s, cuenta con el apoyo institucional del Ayuntamiento de Madrid a trav\u00e9s del proyecto Madrid Capital de Moda.\u00a0<br style=\\\"box-sizing: border-box;\\\" \/><br style=\\\"box-sizing: border-box;\\\" \/><span style=\\\"box-sizing: border-box; font-weight: bold;\\\">Sobre Priceless Madrid y Priceless Cities<\/span><br style=\\\"box-sizing: border-box;\\\" \/>Priceless Cities es una plataforma global de experiencias y ofertas \u00fanicas para titulares de tarjetas MasterCard, que permite vivir de una forma diferente m\u00e1s de 42 ciudad grandes capitales del mundo en asociaci\u00f3n con los partners m\u00e1s ic\u00f3nicos de cada una de ellas. Lleva a los participantes entre bastidores, reserva sitios en primera fila, invita a experiencias privadas y ofrece entradas para los eventos m\u00e1s codiciados.\u00a0<a style=\\\"box-sizing: border-box; color: #337ab7; text-decoration: none; background-color: transparent;\\\" href=\\\"https:\/\/www.priceless.com\/es-es\/madrid.html\\\" target=\\\"_blank\\\">www.priceless.com<\/a>. Priceless Madrid forma parte de esta plataforma desde abril de 2013.<br style=\\\"box-sizing: border-box;\\\" \/><br style=\\\"box-sizing: border-box;\\\" \/><span style=\\\"box-sizing: border-box; font-weight: bold;\\\">Madrid Capital de Moda<\/span><br style=\\\"box-sizing: border-box;\\\" \/>Madrid Capital de Moda es una iniciativa de la Direcci\u00f3n General de Comercio y Emprendimiento del Ayuntamiento de Madrid para aglutinar todos los eventos de moda, belleza, decoraci\u00f3n, gastronom\u00eda y estilo de vida como concepto general de moda y que son celebrados en la ciudad.\u00a0<br style=\\\"box-sizing: border-box;\\\" \/>Una gu\u00eda de todo lo que pasa en Madrid relacionado con la moda, para visibilizar y dar a conocer las propuestas m\u00e1s significativa, tanto de entidades p\u00fablicas como privadas, que hacen de esta ciudad, una capital de moda dentro del panorama internacional.\u00a0<br style=\\\"box-sizing: border-box;\\\" \/><br style=\\\"box-sizing: border-box;\\\" \/>Contando con el apoyo de instituciones, empresas y asociaciones, Madrid Capital De Moda, se convierte en un faro que apunta al sector de la moda y el comercio textil, motor de econom\u00eda y empleo.\u00a0<br style=\\\"box-sizing: border-box;\\\" \/><br style=\\\"box-sizing: border-box;\\\" \/>Un proyecto para unir fuerzas entre todas las personas que trabajan por y para la moda en Madrid.\u00a0<br style=\\\"box-sizing: border-box;\\\" \/><br style=\\\"box-sizing: border-box;\\\" \/>Para m\u00e1s informaci\u00f3n, visita la p\u00e1gina\u00a0<a style=\\\"box-sizing: border-box; color: #337ab7; text-decoration: none; background-color: transparent;\\\" href=\\\"http:\/\/salesasvillage.com\/\\\" target=\\\"_blank\\\">www.salesasvillage.com<\/a>\u00a0o escr\u00edbenos a info@salesasvillage.com\u00a0<\/p>\n<p><a href=\\\"https:\/\/youtu.be\/1PFz936Tebk\\\" target=\\\"_blank\\\"><img src=\\\"\/images\/public\/source\/COMERCIO\/CAMPANAS DE RPOMOCION\/SALESAS\/junio 2016\/foto 16 video.jpg\\\" alt=\\\"foto 16 video\\\" width=\\\"599\\\" height=\\\"336\\\" \/><br \/><\/a><\/p>\n<p style=\\\"box-sizing: border-box; margin: 0px 0px 10px; color: #5a5a5a; font-family: \\'PT Sans\\', sans-serif; font-size: 14px; line-height: 20px; background-color: #ffffff;\\\">SALLESAS VILLAGE [FESTIVAL]\u00a0<\/p>\n<p style=\\\"box-sizing: border-box; margin: 0px 0px 10px; color: #5a5a5a; font-family: \\'PT Sans\\', sans-serif; font-size: 14px; line-height: 20px; background-color: #ffffff;\\\">Fechas: Viernes 17, s\u00e1bado 18 y domingo 19 de Junio\u00a0<\/p>\n<p style=\\\"box-sizing: border-box; margin: 0px 0px 10px; color: #5a5a5a; font-family: \\'PT Sans\\', sans-serif; font-size: 14px; line-height: 20px; background-color: #ffffff;\\\">Horarios: Viernes de 13:00 a 21:00 horas, s\u00e1bado y domingo de 11:00 a 21:00 horas. Lugar: Barrio de las Salesas. Madrid.\u00a0<\/p>\n<p style=\\\"box-sizing: border-box; margin: 0px 0px 10px; color: #5a5a5a; font-family: \\'PT Sans\\', sans-serif; font-size: 14px; line-height: 20px; background-color: #ffffff;\\\">Metro: Alonso Mart\u00ednez o Tribunal \u00a0<\/p>\n","protected":false},"excerpt":{"rendered":"<p>Salesas Village [Festival] se suma a la iniciativa de convertir junio en el&#8230;<\/p>\n","protected":false},"featured_media":7177,"template":"","meta":{"_acf_changed":false},"categories":[],"noticias":[],"class_list":["post-7176","noticias","type-noticias","status-publish","has-post-thumbnail","hentry"],"acf":[],"_links":{"self":[{"href":"https:\/\/test.madridemprende.anovagroup.es\/en\/wp-json\/wp\/v2\/noticias\/7176"}],"collection":[{"href":"https:\/\/test.madridemprende.anovagroup.es\/en\/wp-json\/wp\/v2\/noticias"}],"about":[{"href":"https:\/\/test.madridemprende.anovagroup.es\/en\/wp-json\/wp\/v2\/types\/noticias"}],"version-history":[{"count":0,"href":"https:\/\/test.madridemprende.anovagroup.es\/en\/wp-json\/wp\/v2\/noticias\/7176\/revisions"}],"wp:featuredmedia":[{"embeddable":true,"href":"https:\/\/test.madridemprende.anovagroup.es\/en\/wp-json\/wp\/v2\/media\/7177"}],"wp:attachment":[{"href":"https:\/\/test.madridemprende.anovagroup.es\/en\/wp-json\/wp\/v2\/media?parent=7176"}],"wp:term":[{"taxonomy":"category","embeddable":true,"href":"https:\/\/test.madridemprende.anovagroup.es\/en\/wp-json\/wp\/v2\/categories?post=7176"},{"taxonomy":"noticias","embeddable":true,"href":"https:\/\/test.madridemprende.anovagroup.es\/en\/wp-json\/wp\/v2\/noticias?post=7176"}],"curies":[{"name":"wp","href":"https:\/\/api.w.org\/{rel}","templated":true}]}}