{"id":7180,"date":"2016-06-20T00:00:00","date_gmt":"2016-06-20T00:00:00","guid":{"rendered":"https:\/\/pre.madridemprende.anovagroup.es\/noticias\/ciclo-de-coffee-breaks-la-fp-dual-en-las-nuevas-empresas\/"},"modified":"2022-06-08T11:25:38","modified_gmt":"2022-06-08T09:25:38","slug":"ciclo-de-coffee-breaks-la-fp-dual-en-las-nuevas-empresas","status":"publish","type":"noticias","link":"https:\/\/test.madridemprende.anovagroup.es\/en\/noticias\/ciclo-de-coffee-breaks-la-fp-dual-en-las-nuevas-empresas\/","title":{"rendered":"Ciclo de coffee breaks: La FP dual en las nuevas empresas"},"content":{"rendered":"<p>Retomamos nuestros <a href=\\\"\/es\/emprendedores\/in-formacion-y-networking\/coffee-break\\\">coffee \u00a0breaks<\/a> en la <a href=\\\"\/es\/emprendedores\/espacios-para-emprendedores\/viveros-de-empresas\/Viveros\/ficha\/1d2b603c5ca5d984996cb36e7138fd9d\/\\\">Red de Viveros<\/a>, bajo el t\u00edtulo \u201cLa FP dual en las nuevas empresas\u201d recorreremos todos los Viveros junto a <a href=\\\"http:\/\/www.alianzafpdual.es\/\\\" target=\\\"_blank\\\">la Alianza para la Formaci\u00f3n Profesional Dual<\/a>, la <a href=\\\"https:\/\/www.fundacionbertelsmann.org\/es\/home\/formacion-profesional-dual\/\\\" target=\\\"_blank\\\">Fundaci\u00f3n Bertelsmann<\/a>\u00a0y <a href=\\\"http:\/\/www.ceim.es\/\\\" target=\\\"_blank\\\">CEIM <\/a>Confederaci\u00f3n Empresarial de Madrid-CEOE ofreciendo informaci\u00f3n para dar a conocer la FP Dual en las empresas en creaci\u00f3n y consolidaci\u00f3n.<\/p>\n<p>El objetivo de estos encuentros es ofrecer un espacio para conocer este modelo de formaci\u00f3n e identificar posibilidades de desarrollo en un espacio de networking donde poder intercambiar conocimientos en este \u00e1mbito.<\/p>\n<p>El primer encuentro tendr\u00e1 lugar el pr\u00f3ximo <a href=\\\"\/es\/agenda\/Agenda\/evento\/coffee-break-la-fp-dual-en-las-nuevas-empresas\/715c1d40272a17000d8f881ef9b0f4c5\/\\\">28 de junio en el Vivero de Carabanchel<\/a>, seguido de los Viveros de <a href=\\\"\/es\/agenda\/Agenda\/evento\/coffee-break-la-fp-dual-en-las-nuevas-empresas\/764c483984fa9dfecd69eb6eb71faa3f\/\\\">Moratalaz<\/a>, <a href=\\\"\/es\/agenda\/Agenda\/evento\/coffee-break-la-fp-dual-en-las-nuevas-empresas\/126d36958e1c39a9ea7a3de82d766d90\/\\\">San Blas<\/a>, <a href=\\\"\/es\/agenda\/Agenda\/evento\/coffee-break-la-fp-dual-en-las-nuevas-empresas-\/549306412635b4b800adbe8fa26e5d0a\/\\\">Vic\u00e1lvaro<\/a>, <a href=\\\"\/es\/agenda\/Agenda\/evento\/coffee-break-la-fp-dual-en-las-nuevas-empresas\/0367237c302425743e279e815e2edbe1\/\\\">Puente de Vallecas<\/a> y <a href=\\\"\/es\/agenda\/Agenda\/evento\/coffee-break-la-fp-dual-en-las-nuevas-empresas\/fad2788045de7f1b9d5fe8fc58823ee8\/\\\">Villaverde<\/a>. Las jornadas se dirigir\u00e1n a las antiguas empresas y a las actuales de cada uno de los viveros, y a pymes y micro pymes que deseen conocer el modelo y compartir experiencias as\u00ed como tambi\u00e9n a los centros educativos de Formaci\u00f3n Profesional. Ya puedes inscribirte en nuestra <a href=\\\"\/es\/agenda\\\">agenda de actividades<\/a>.<\/p>\n<p>Por otra parte, las jornadas se inauguraran con la presencia de representantes de las cuatro entidades promotoras y se basaran en una mesa t\u00e9cnica que contar\u00e1 con la presencia de la Fundaci\u00f3n Bertelsmann, la empresa y el centro educativo correspondiente para crear sinergias y generar conocimiento sobre el modelo de FP Dual.<\/p>\n","protected":false},"excerpt":{"rendered":"<p>Retomamos nuestros coffee \u00a0breaks en la Red de Viveros, bajo el t\u00edtulo \u201cLa&#8230;<\/p>\n","protected":false},"featured_media":7181,"template":"","meta":{"_acf_changed":false},"categories":[],"noticias":[],"class_list":["post-7180","noticias","type-noticias","status-publish","has-post-thumbnail","hentry"],"acf":[],"_links":{"self":[{"href":"https:\/\/test.madridemprende.anovagroup.es\/en\/wp-json\/wp\/v2\/noticias\/7180"}],"collection":[{"href":"https:\/\/test.madridemprende.anovagroup.es\/en\/wp-json\/wp\/v2\/noticias"}],"about":[{"href":"https:\/\/test.madridemprende.anovagroup.es\/en\/wp-json\/wp\/v2\/types\/noticias"}],"version-history":[{"count":0,"href":"https:\/\/test.madridemprende.anovagroup.es\/en\/wp-json\/wp\/v2\/noticias\/7180\/revisions"}],"wp:featuredmedia":[{"embeddable":true,"href":"https:\/\/test.madridemprende.anovagroup.es\/en\/wp-json\/wp\/v2\/media\/7181"}],"wp:attachment":[{"href":"https:\/\/test.madridemprende.anovagroup.es\/en\/wp-json\/wp\/v2\/media?parent=7180"}],"wp:term":[{"taxonomy":"category","embeddable":true,"href":"https:\/\/test.madridemprende.anovagroup.es\/en\/wp-json\/wp\/v2\/categories?post=7180"},{"taxonomy":"noticias","embeddable":true,"href":"https:\/\/test.madridemprende.anovagroup.es\/en\/wp-json\/wp\/v2\/noticias?post=7180"}],"curies":[{"name":"wp","href":"https:\/\/api.w.org\/{rel}","templated":true}]}}