{"id":7182,"date":"2016-06-20T00:00:00","date_gmt":"2016-06-20T00:00:00","guid":{"rendered":"https:\/\/pre.madridemprende.anovagroup.es\/noticias\/el-i-encuentro-de-medios-de-comunicacin-y-startups-se-celebrar-en-el-vivero-de-empresas-de-viclvaro\/"},"modified":"2022-06-08T11:25:37","modified_gmt":"2022-06-08T09:25:37","slug":"el-i-encuentro-de-medios-de-comunicacin-y-startups-se-celebrar-en-el-vivero-de-empresas-de-viclvaro","status":"publish","type":"noticias","link":"https:\/\/test.madridemprende.anovagroup.es\/en\/noticias\/el-i-encuentro-de-medios-de-comunicacin-y-startups-se-celebrar-en-el-vivero-de-empresas-de-viclvaro\/","title":{"rendered":"El \u2018I Encuentro de medios de comunicaci\u00f3n y Startups se celebrar\u00e1 en el Vivero de Empresas de Vic\u00e1lvaro"},"content":{"rendered":"<p><strong>Madrid, Junio de 2016<\/strong><\/p>\n<p>Los principales agentes de los medios de comunicaci\u00f3n del mundo de los emprendedores se dar\u00e1n cita el pr\u00f3ximo 23 de junio en el \u2018I Encuentro de medios de comunicaci\u00f3n y startups\u2019 que se celebrar\u00e1 en el Vivero de Empresas de Vic\u00e1lvaro a partir de las 16:30 horas y que tiene por objetivo conectar a los mas media con los propios emprendedores. Este evento tiene entrada gratuita con inscripci\u00f3n previa.<\/p>\n<p>\u00a0\u00a0<br \/> Este evento, organizado por la agencia de comunicaci\u00f3n y marketing digital, Socialnius, empresa que alojada en el Vivero de Empresas de Vic\u00e1lvaro, \u00a0pondr\u00e1 especial \u00e9nfasis en la importancia que tiene para los emprendedores el aparecer en los propios medios, adem\u00e1s de una de las \u00faltimas formas de inversi\u00f3n en las startups, el conocido como \u2018Media for Equity\u2019. Los responsables de este \u00e1mbito de Mediaset, Toni Moreno, (Director de Desarrollo Corporativo de Mediaset Espa\u00f1a y Director de Ad4Ventures), Eduardo Fern\u00e1ndez (responsable de Media for Equity de Atresmedia) y Esteban Mayoral, (Jefe de la Unidad de Gesti\u00f3n del Centro de Innovaci\u00f3n), ser\u00e1n los protagonistas de la tercera mesa redonda que pondr\u00e1 la guinda a este evento y que ser\u00e1 moderada por el Jefe de Informativos de Telemadrid, Alipio Guti\u00e9rrez.<\/p>\n<p>Pero antes, los emprendedores que se den cita de manera gratuita en la incubadora que el Ayuntamiento de Madrid dispone en el madrile\u00f1o barrio de Vic\u00e1lvaro, podr\u00e1n disfrutar de dos mesas redondas con algunos de los representantes con mayor influencia en el mundo de los medios y las startups.\u00a0<\/p>\n<p>La primera bajo el t\u00edtulo \\&#8217;\u00bfC\u00f3mo llegar a los medios de comunicaci\u00f3n con mi startup?\\&#8217; contar\u00e1 con ponentes de lujo de la talla \u00a0Andr\u00e9s Dulanto (Director de EFE Emprende), Lourdes Carmona (Redactora Jefe de <em>Emprendedores 2020<\/em>) y Javier Inaraja, (Redactor jefe de la <em>Revista Emprendedores<\/em>) y Jos\u00e9 Torrego (Director de <em>El Referente de los Emprendedores<\/em>). Moderar\u00e1 este foro el propio Chema Nieto, CEO de Socialnius, empresa organizadora del evento y alojada en el propio Vivero de Empresas de Vic\u00e1lvaro.<\/p>\n<p>\u2018La Televisi\u00f3n, el gran aliado del emprendedor\u2019 es segundo plato de este men\u00fa tan suculento para el emprendedor. Juanma Romero (Presentador Emprendedores de RTVE), Inmaculada Galv\u00e1n (presentadora Madrid Contigo Telemadrid), Enrique Riob\u00f3o (Director de canal 33) y Jaime Esteve (CEO Agora News), como ponentes, y \u00c1lvaro Santos (presentador de TVE y Telemadrid) como moderador, suponen un cartel sobresaliente para conectar con el asistente y explicar la importancia que dan a los emprendedores en sus diferentes medios de comunicaci\u00f3n social.<\/p>\n<p>\u201cCon este \u2018I Encuentro de medios de comunicaci\u00f3n y Startups\u2019 queremos estar a la vanguardia del emprendimiento en Madrid y conectar a los emprendedores con los principales medios que incluyen contenidos referentes al mundo de las startups\u201d afirma Chema Nieto, CEO de Socialnius, quien no descarta \u201cexportar este formato a otras ciudades y otros lugares donde el emprendimiento sea un referente\u201d.<\/p>\n<p>Este evento no ser\u00eda posible sin el apoyo incondicional del Ayuntamiento de Madrid y de la Universidad Rey Juan Carlos a sus emprendedores. Tampoco sin los media partner que lo dan a conocer: EFE Emprende, Agora News, Emprendedores 2020, El Referente de los Emprendedores, Telemadrid, Revista Emprendedores, Ticpymes o Top Emprendedores.<\/p>\n<p>El Referente de los Emprendedores y\u00a0 Agora News, son dos empresas que tambi\u00e9n pasaron por la Red de Viveros entre 2009 y 2010; se instalaron en un despacho y aprovecharon todas los talleres, actividades de networking&#8230;&#8230; este es un ejemplo m\u00e1s de las sinergias que se crean dentro del ecosistema emprendedor favorecido a trav\u00e9s de nuestra Red.<\/p>\n<p>\u00a0<\/p>\n<p>\u00a0<\/p>\n<p><strong>INSCRIPCIONES<\/strong><\/p>\n<p><strong>Celia Polo <\/strong><\/p>\n<ul>\n<li><strong>Tel\u00e9fono: 91 760 48 12.<\/strong><\/li>\n<li><strong>Mail: <\/strong><a href=\\\"mailto:Celia.Polo@orjc.es\\\"><strong>Celia.Polo@orjc.es<\/strong><\/a><\/li>\n<\/ul>\n","protected":false},"excerpt":{"rendered":"<p>Madrid, Junio de 2016<br \/>\nLos principales agentes de los medios de&#8230;<\/p>\n","protected":false},"featured_media":7183,"template":"","meta":{"_acf_changed":false},"categories":[],"noticias":[],"class_list":["post-7182","noticias","type-noticias","status-publish","has-post-thumbnail","hentry"],"acf":[],"_links":{"self":[{"href":"https:\/\/test.madridemprende.anovagroup.es\/en\/wp-json\/wp\/v2\/noticias\/7182"}],"collection":[{"href":"https:\/\/test.madridemprende.anovagroup.es\/en\/wp-json\/wp\/v2\/noticias"}],"about":[{"href":"https:\/\/test.madridemprende.anovagroup.es\/en\/wp-json\/wp\/v2\/types\/noticias"}],"version-history":[{"count":0,"href":"https:\/\/test.madridemprende.anovagroup.es\/en\/wp-json\/wp\/v2\/noticias\/7182\/revisions"}],"wp:featuredmedia":[{"embeddable":true,"href":"https:\/\/test.madridemprende.anovagroup.es\/en\/wp-json\/wp\/v2\/media\/7183"}],"wp:attachment":[{"href":"https:\/\/test.madridemprende.anovagroup.es\/en\/wp-json\/wp\/v2\/media?parent=7182"}],"wp:term":[{"taxonomy":"category","embeddable":true,"href":"https:\/\/test.madridemprende.anovagroup.es\/en\/wp-json\/wp\/v2\/categories?post=7182"},{"taxonomy":"noticias","embeddable":true,"href":"https:\/\/test.madridemprende.anovagroup.es\/en\/wp-json\/wp\/v2\/noticias?post=7182"}],"curies":[{"name":"wp","href":"https:\/\/api.w.org\/{rel}","templated":true}]}}