{"id":7192,"date":"2016-07-07T00:00:00","date_gmt":"2016-07-07T00:00:00","guid":{"rendered":"https:\/\/pre.madridemprende.anovagroup.es\/noticias\/emprendimiento-y-discapacidad-en-el-vivero-de-empresas-de-viclvaro\/"},"modified":"2022-06-08T11:25:36","modified_gmt":"2022-06-08T09:25:36","slug":"emprendimiento-y-discapacidad-en-el-vivero-de-empresas-de-viclvaro","status":"publish","type":"noticias","link":"https:\/\/test.madridemprende.anovagroup.es\/en\/noticias\/emprendimiento-y-discapacidad-en-el-vivero-de-empresas-de-viclvaro\/","title":{"rendered":"Emprendimiento y discapacidad en el Vivero de Empresas de Vic\u00e1lvaro"},"content":{"rendered":"<p>El <a href=\\\"\/es\\\">Ayuntamiento de Madrid<\/a> tiene un convenio de colaboraci\u00f3n con la Universidad Rey Juan Carlos para el desarrollo de actuaciones con la <a href=\\\"http:\/\/www.catedrakonectaurjc.es\/\\\">C\u00e1tedra de Investigaci\u00f3n Fundaci\u00f3n Konecta-URJC<\/a> para el Fomento del Emprendimiento de las Personas con Discapacidad, tiene como objeto el an\u00e1lisis y la investigaci\u00f3n de aspectos relacionados con la realidad social, econ\u00f3mica y pol\u00edtica empresarial en el marco del emprendimiento de las personas con discapacidad<\/p>\n<p>Por ello la C\u00e1tedra Fundaci\u00f3n Konecta-URJC, en colaboraci\u00f3n con el <strong>Ayuntamiento de Madrid<\/strong> &#8211; a trav\u00e9s de la\u00a0Direcci\u00f3n\u00a0General de\u00a0Comercio\u00a0y\u00a0Emprendimiento -, La Ciudad Accesible, Cermi, Popular y OHL organizan del <strong>13 al 15 de julio el curso de verano<\/strong> \u2018<a href=\\\"http:\/\/uverano.urjc.es\/event_detail\/2380\/detail\/discapacidad-vs.-emprendimiento_-estrategias-y-recursos-para-el-exito-del-emprendedor-con-capacidad.html\\\">Emprendimiento Vs Discapacidad: estrategias y recursos para alcanzar el \u00e9xito del emprendedor con capacidades diferentes<\/a>\u2019.<\/p>\n<p>Este seminario pretende analizar los procesos disponibles y las herramientas necesarias que fomenten el inicio o afianzamiento de los proyectos de los emprendedores con discapacidad o capacidades diferentes. \u00a0<\/p>\n<p>Esta apuesta surge ante la posibilidad de emprender como una alternativa profesional para el colectivo de personas con discapacidad y capacidades diferentes \u201cdesde una perspectiva y asesoramiento especializados que garantice el mayor grado de autonom\u00eda del emprendedor, tomando conciencia de las implicaciones de las diferentes capacidades en el \u00e9xito de la startup\u201d, explica Ricardo Moreno Rodr\u00edguez, director del programa y de la Unidad de Atenci\u00f3n a Personas con Discapacidad y Necesidades Educativas Especiales de la URJC.<\/p>\n<p>El plazo de <strong>inscripci\u00f3n<\/strong> para el seminario estar\u00e1 abierto hasta las 23:59 horas del <strong>12 de julio <\/strong>o hasta completar aforo, como sucedi\u00f3 en su primera edici\u00f3n que logr\u00f3 superar el centenar de asistentes. \u201cBas\u00e1ndonos en la experiencia de la primera edici\u00f3n, queremos dar un paso hacia delante dentro del emprendimiento ofreciendo las herramientas necesarias para favorecer la creaci\u00f3n y desarrollo de nuestros proyectos\u201c, afirma Moreno Rodr\u00edguez.<\/p>\n<p>En el acto inaugural del seminario estar\u00e1n presentes <strong>Concha Diaz de Villegas<\/strong>, Directora General de <a href=\\\"\/es\\\">Comercio y Emprendimiento<\/a> del Ayuntamiento de Madrid, <strong>Fernando Su\u00e1rez Bilbao<\/strong>, rector de la Universidad Rey Juan Carlos, <strong>Jos\u00e9 M\u00aa Pacheco<\/strong>, presidente de la Fundaci\u00f3n Konecta, <strong>Beatriz G\u00f3mez Escalonilla<\/strong>, directora de Responsabilidad Social Corporativa de Banco Popular, <strong>Mar\u00eda Ruspoli<\/strong>, jefe de servicio de Acci\u00f3n, Patrocinio y Mecenazgo de OHL y <strong>Luis Cayo P\u00e9rez Bueno<\/strong>, presidente de CERMI.<\/p>\n<p>\u00a0<\/p>\n<p><a href=\\\"http:\/\/uverano.urjc.es\/event_detail\/5286\/programme\/emprendimiento-vs.-discapacidad_-estrategias-y-recursos-para-el-exito-del-emprendedor-con-capacidad.html\\\">Pincha aqu\u00ed para acceder al programa<\/a><\/p>\n","protected":false},"excerpt":{"rendered":"<p>El Ayuntamiento de Madrid tiene un convenio de colaboraci\u00f3n con la&#8230;<\/p>\n","protected":false},"featured_media":7193,"template":"","meta":{"_acf_changed":false},"categories":[],"noticias":[],"class_list":["post-7192","noticias","type-noticias","status-publish","has-post-thumbnail","hentry"],"acf":[],"_links":{"self":[{"href":"https:\/\/test.madridemprende.anovagroup.es\/en\/wp-json\/wp\/v2\/noticias\/7192"}],"collection":[{"href":"https:\/\/test.madridemprende.anovagroup.es\/en\/wp-json\/wp\/v2\/noticias"}],"about":[{"href":"https:\/\/test.madridemprende.anovagroup.es\/en\/wp-json\/wp\/v2\/types\/noticias"}],"version-history":[{"count":0,"href":"https:\/\/test.madridemprende.anovagroup.es\/en\/wp-json\/wp\/v2\/noticias\/7192\/revisions"}],"wp:featuredmedia":[{"embeddable":true,"href":"https:\/\/test.madridemprende.anovagroup.es\/en\/wp-json\/wp\/v2\/media\/7193"}],"wp:attachment":[{"href":"https:\/\/test.madridemprende.anovagroup.es\/en\/wp-json\/wp\/v2\/media?parent=7192"}],"wp:term":[{"taxonomy":"category","embeddable":true,"href":"https:\/\/test.madridemprende.anovagroup.es\/en\/wp-json\/wp\/v2\/categories?post=7192"},{"taxonomy":"noticias","embeddable":true,"href":"https:\/\/test.madridemprende.anovagroup.es\/en\/wp-json\/wp\/v2\/noticias?post=7192"}],"curies":[{"name":"wp","href":"https:\/\/api.w.org\/{rel}","templated":true}]}}