{"id":7194,"date":"2016-07-08T00:00:00","date_gmt":"2016-07-08T00:00:00","guid":{"rendered":"https:\/\/pre.madridemprende.anovagroup.es\/noticias\/barcel-food-gourmet-nuevo-espacio-gastronmico-singular-en-madrid\/"},"modified":"2022-06-08T11:25:36","modified_gmt":"2022-06-08T09:25:36","slug":"barcel-food-gourmet-nuevo-espacio-gastronmico-singular-en-madrid","status":"publish","type":"noticias","link":"https:\/\/test.madridemprende.anovagroup.es\/en\/noticias\/barcel-food-gourmet-nuevo-espacio-gastronmico-singular-en-madrid\/","title":{"rendered":"Barcel\u00f3 Food Gourmet, nuevo espacio gastron\u00f3mico singular en Madrid"},"content":{"rendered":"<div style=\\\"text-align: justify;\\\"><span lang=\\\"ES-TRAD\\\" style=\\\"font-size: 12pt; font-family: tahoma, arial, helvetica, sans-serif;\\\">El pasado 7 de julio se puso la primera piedra de lo que ser\u00e1 el <span style=\\\"text-decoration: underline;\\\">Barcel\u00f3 Food Gourmet<\/span>, un singular espacio cultural y gastron\u00f3mico de m\u00e1s de 330 m<sup>2 <\/sup>dentro del Mercado Municipal de Barcel\u00f3, integrado en el Centro Polivalente de su mismo nombre, en el que se pretende fusionar la degustaci\u00f3n con la comercializaci\u00f3n de productos gourmet. <br \/><\/span><\/div>\n<div style=\\\"text-align: justify;\\\"><span style=\\\"font-family: tahoma, arial, helvetica, sans-serif; font-size: 12pt;\\\">Esta iniciativa de la Asociaci\u00f3n Profesional de Comerciantes, concesionaria del mercado, cuenta con el apoyo e impulso de la Direcci\u00f3n General de Comercio y Emprendimiento, cuya Directora, Concepci\u00f3n D\u00edaz de Villegas, asisti\u00f3 al acto inaugural y colocaci\u00f3n simb\u00f3lica de su primera piedra, agradeciendo a todos los comerciantes su esfuerzo diario para impulsar este Mercado que se ha convertido en uno de los principales referentes de la Red de Mercados Municipales de Madrid como elementos vertebradores de la vida de los barrios de la capital.<br \/>Al acto tambi\u00e9n acudi\u00f3 Jorge Garc\u00eda Casta\u00f1o, Conceja del Distrito de Centro, quien expreso que son iniciativas de este tipo las que impulsan una actividad y diversidad comercial en los barrios que transciende.<\/span><\/div>\n<div style=\\\"text-align: justify;\\\"><span style=\\\"font-family: tahoma, arial, helvetica, sans-serif; font-size: 12pt;\\\"> Esta nueva instalaci\u00f3n ocupar\u00e1 una zona separada del resto de plantas del Mercado a la que se acceder\u00e1 por la tercera planta a trav\u00e9s de dos pasarelas de cristal, conformando un espacio aislado que le ha valido el sobrenombre de <em>La isla de Barcel\u00f3.<br \/><\/em><\/span><\/div>\n<div style=\\\"text-align: justify;\\\"><span style=\\\"font-family: tahoma, arial, helvetica, sans-serif; font-size: 12pt;\\\"> Barcel\u00f3 Food Gourmet acoger\u00e1 21 puestos con una oferta muy variada de productos culinarios, que van desde las tapas, hasta las paellas, pasando por los ib\u00e9ricos o sushis.\u00a0 Pero adem\u00e1s de gastronom\u00eda y venta de productos, <em>La<\/em> i<em>sla de Barcel\u00f3<\/em> nace tambi\u00e9n con la idea de convertirse en un lugar que ofrezca una programaci\u00f3n de inter\u00e9s cultural, actuaciones musicales, exposiciones de arte, presentaciones de libros, integrando el mercado en la vida cotidiana de vecinos y visitantes.<br \/><\/span><\/div>\n<div style=\\\"text-align: justify;\\\"><span style=\\\"font-family: tahoma, arial, helvetica, sans-serif; font-size: 12pt;\\\"> Estar siempre a la vanguardia de todo tipo de tendencias tanto gastron\u00f3micas como culturales, la innovaci\u00f3n y la renovaci\u00f3n constante, son las ideas que impregnan esta nueva instalaci\u00f3n en el Mercado de Barcel\u00f3, donde los proyectos emprendedores ser\u00e1n muy bien recibidos, aportando un gran valor a\u00f1adido<a name=\\\"_GoBack\\\"><\/a> a esta iniciativa.<br \/><\/span><\/div>\n<div style=\\\"text-align: justify;\\\"><span style=\\\"font-family: tahoma, arial, helvetica, sans-serif; font-size: 12pt;\\\"> En definitiva, el nuevo proyecto pretende dar respuesta a los nuevos h\u00e1bitos de consumo y ocio , convirtiendo al Mercado de Barcel\u00f3 en un referente gastron\u00f3mico y cultural de la capital, en una experiencia para los cinco sentidos.<\/p>\n<p><\/span><\/div>\n","protected":false},"excerpt":{"rendered":"<p>El pasado 7 de julio se puso la primera piedra de lo que ser\u00e1 el Barcel\u00f3&#8230;<\/p>\n","protected":false},"featured_media":7195,"template":"","meta":{"_acf_changed":false},"categories":[],"noticias":[],"class_list":["post-7194","noticias","type-noticias","status-publish","has-post-thumbnail","hentry"],"acf":[],"_links":{"self":[{"href":"https:\/\/test.madridemprende.anovagroup.es\/en\/wp-json\/wp\/v2\/noticias\/7194"}],"collection":[{"href":"https:\/\/test.madridemprende.anovagroup.es\/en\/wp-json\/wp\/v2\/noticias"}],"about":[{"href":"https:\/\/test.madridemprende.anovagroup.es\/en\/wp-json\/wp\/v2\/types\/noticias"}],"version-history":[{"count":0,"href":"https:\/\/test.madridemprende.anovagroup.es\/en\/wp-json\/wp\/v2\/noticias\/7194\/revisions"}],"wp:featuredmedia":[{"embeddable":true,"href":"https:\/\/test.madridemprende.anovagroup.es\/en\/wp-json\/wp\/v2\/media\/7195"}],"wp:attachment":[{"href":"https:\/\/test.madridemprende.anovagroup.es\/en\/wp-json\/wp\/v2\/media?parent=7194"}],"wp:term":[{"taxonomy":"category","embeddable":true,"href":"https:\/\/test.madridemprende.anovagroup.es\/en\/wp-json\/wp\/v2\/categories?post=7194"},{"taxonomy":"noticias","embeddable":true,"href":"https:\/\/test.madridemprende.anovagroup.es\/en\/wp-json\/wp\/v2\/noticias?post=7194"}],"curies":[{"name":"wp","href":"https:\/\/api.w.org\/{rel}","templated":true}]}}