{"id":7202,"date":"2016-07-13T00:00:00","date_gmt":"2016-07-13T00:00:00","guid":{"rendered":"https:\/\/pre.madridemprende.anovagroup.es\/noticias\/el-ayuntamiento-de-madrid-inaugura-el-curso-de-verano-emprendimiento-y-discapacidad-en-el-vivero-de-empresas-de-viclvaro\/"},"modified":"2022-06-08T11:25:35","modified_gmt":"2022-06-08T09:25:35","slug":"el-ayuntamiento-de-madrid-inaugura-el-curso-de-verano-emprendimiento-y-discapacidad-en-el-vivero-de-empresas-de-viclvaro","status":"publish","type":"noticias","link":"https:\/\/test.madridemprende.anovagroup.es\/en\/noticias\/el-ayuntamiento-de-madrid-inaugura-el-curso-de-verano-emprendimiento-y-discapacidad-en-el-vivero-de-empresas-de-viclvaro\/","title":{"rendered":"El Ayuntamiento de Madrid inaugura el curso de verano \u201cEmprendimiento y discapacidad\u201d en el Vivero de Empresas de Vic\u00e1lvaro"},"content":{"rendered":"<p><strong>El <a href=\\\"http:\/\/www.madrid.es\/portal\/site\/munimadrid\\\">Ayuntamiento de Madrid<\/a>\u00a0<\/strong>ha participado en la jornada inaugural del curso de verano \u2018<a href=\\\"http:\/\/uverano.urjc.es\/event_detail\/2380\/detail\/discapacidad-vs.-emprendimiento_-estrategias-y-recursos-para-el-exito-del-emprendedor-con-capacidad.html\\\">Emprendimiento Vs Discapacidad: estrategias y recursos para alcanzar el \u00e9xito del emprendedor con capacidades diferentes<\/a>\u201d, organizado por la\u00a0<a href=\\\"http:\/\/www.catedrakonectaurjc.es\/\\\">C\u00e1tedra Fundaci\u00f3n Konecta-URJC<\/a>, junto a <a href=\\\"http:\/\/www.laciudadaccesible.com\\\">La Ciudad Accesible<\/a>, <a href=\\\"http:\/\/www.cermi.es\/\\\">Cermi<\/a>, <a href=\\\"http:\/\/www.grupobancopopular.com\/ES\/RESPONSABILIDADCORPORATIVA\/Paginas\/inicio.aspx\\\">Banco Popular<\/a> y <a href=\\\"http:\/\/www.ohl.es\/\\\">OHL<\/a><strong>. <\/strong><\/p>\n<p>Este curso de verano, que se llevar\u00e1 a cabo del\u00a013 al 15 de julio en el <a href=\\\"\/es\/emprendedores\/espacios-para-emprendedores\/viveros-de-empresas\/Viveros\/ficha\/1d2b603c5ca5d984996cb36e7138fd9d\/\\\">Vivero de Empresas de Vic\u00e1lvaro<\/a>, pretende analizar los procesos disponibles y las herramientas necesarias que fomenten el inicio o afianzamiento de los proyectos de los emprendedores con capacidades diferentes. \u00a0<\/p>\n<p>La Primera Teniente de Alcalde del Ayuntamiento de Madrid y concejala del \u00c1rea de Equidad, Derechos Sociales y Empleo, <strong>Marta Higueras<\/strong>, ha presidido la inauguraci\u00f3n de las jornadas, resaltando la necesidad de poner en valor el hecho de que todas y todos podemos emprender, ya que \u201c<em>la discapacidad forma parte de la diversidad humana y as\u00ed tenemos que percibirla<\/em>\u201d . Para el \u00c1rea de Equidad, Derechos Sociales y Empleo la inclusi\u00f3n y la igualdad de toda la ciudadan\u00eda madrile\u00f1a es el principal caballo de batalla.<\/p>\n<p>Para Higueras, emprender ofrece el acceso al mercado laboral y la emancipaci\u00f3n laboral de todas las personas, sean cuales sean sus habilidades y capacidad. La teniente de alcalde ha recordado el lema de apoyo al emprendimiento que se ha lanzado desde el Ayuntamiento <a href=\\\"\/es\/noticias\/NewsModule\/displayNews\/33a3e27af64627d0fb45d0adb48126f2\\\"><em><<si piensas que puedes, podr\u00e1s>>,<\/em><\/a> invitando a los participantes del curso a tenerlo muy presente a la hora de poner en marcha sus proyectos.<\/p>\n<p>El\u00a0<a href=\\\"\/es\\\">Ayuntamiento de Madrid<\/a>\u00a0tiene desde hace meses un convenio de colaboraci\u00f3n con la <a href=\\\"https:\/\/www.urjc.es\/\\\">Universidad Rey Juan Carlos<\/a> para el desarrollo de actuaciones con la\u00a0<a href=\\\"http:\/\/www.catedrakonectaurjc.es\/\\\">C\u00e1tedra de Investigaci\u00f3n Fundaci\u00f3n Konecta-URJC<\/a>\u00a0para el Fomento del Emprendimiento de las Personas con Discapacidad, y es a trav\u00e9s de la Direcci\u00f3n General de Comercio y Emprendimiento, que pone a su disposici\u00f3n toda la Red de Viveros municipales, tanto los espacios como su asesoramiento y formaci\u00f3n, dando la oportunidad de alojar e implantar los proyectos empresariales.<\/p>\n<p>En el acto inaugural tambi\u00e9n han estado presentes <strong>Juan Jos\u00e9 N\u00e1jera S\u00e1nchez<\/strong>, vicerrector de la Universidad Rey Juan Carlos,<strong>\u00a0Graciela de la Morena<\/strong>, directora de la Fundaci\u00f3n Konecta,\u00a0<strong>Luis Alberto Rodriguez<\/strong>, responsable de Responsabilidad Social Corporativa de Banco Popular,\u00a0<strong>Mar\u00eda Ruspoli<\/strong>, jefe de servicio de Acci\u00f3n, Patrocinio y Mecenazgo de OHL y <strong>Luis Cayo P\u00e9rez Bueno<\/strong>, presidente de CERMI.<\/p>\n<p>Graciela de la Morena ha destacado la importancia de que todas las fuerzas vivas de la sociedad &#8211; mundo asociativo, administraci\u00f3n publica, universidad y empresas privadas- trabajen a favor para mejorar y apoyar a los emprendedores con discapacidad y ha resaltado la importancia del apoyo del Ayuntamiento de Madrid \u201c<em>Su colaboraci\u00f3n es fundamental, cedi\u00e9ndonos todos los viveros para las empresas creadas, ya que es gracias a los viveros que estas empresas se pueden implantar y es el espacio donde se puede crear y constituir la propia empresa<\/em>\u201d<\/p>\n<p>Tras la inauguraci\u00f3n de las jornadas, se han llevado a cabo diversas mesas redondas y conferencias en las que se ha intentado poner de manifiesto la experiencia de emprendedores que han sabido crear negocio adaptando su modelo de negocio a su capacidad.<\/p>\n<p>Como expres\u00f3 en su intervenci\u00f3n la delegada de Equidad, Derechos Sociales y Empleo, <em>\u201cq<\/em><em>ueremos seguir en esta l\u00ednea de fomentar el emprendimiento y la emancipaci\u00f3n de personas con discapacidad, concienciando a las empresas que apliquen buenas pr\u00e1cticas laborales desde la responsabilidad social inclusiva. El Ayuntamiento de Madrid est\u00e1 con vosotros<\/em>\u201d.<\/p>\n<p>Si quieres ver la conexi\u00f3n en directo de Telemadrid entrevistando a\u00a0la Directora General de Comercio y Emprendimiento durante la inauguraci\u00f3n de las jornadas\u00a0<a href=\\\"http:\/\/www.telemadrid.es\/programas\/madrid-contigo\/el-emprendimiento-tambien-es-inclusivo\\\" target=\\\"_blank\\\">haz click aqu\u00ed<\/a><\/p>\n","protected":false},"excerpt":{"rendered":"<p>El Ayuntamiento de Madrid\u00a0ha participado en la jornada inaugural del curso&#8230;<\/p>\n","protected":false},"featured_media":7203,"template":"","meta":{"_acf_changed":false},"categories":[],"noticias":[],"class_list":["post-7202","noticias","type-noticias","status-publish","has-post-thumbnail","hentry"],"acf":[],"_links":{"self":[{"href":"https:\/\/test.madridemprende.anovagroup.es\/en\/wp-json\/wp\/v2\/noticias\/7202"}],"collection":[{"href":"https:\/\/test.madridemprende.anovagroup.es\/en\/wp-json\/wp\/v2\/noticias"}],"about":[{"href":"https:\/\/test.madridemprende.anovagroup.es\/en\/wp-json\/wp\/v2\/types\/noticias"}],"version-history":[{"count":0,"href":"https:\/\/test.madridemprende.anovagroup.es\/en\/wp-json\/wp\/v2\/noticias\/7202\/revisions"}],"wp:featuredmedia":[{"embeddable":true,"href":"https:\/\/test.madridemprende.anovagroup.es\/en\/wp-json\/wp\/v2\/media\/7203"}],"wp:attachment":[{"href":"https:\/\/test.madridemprende.anovagroup.es\/en\/wp-json\/wp\/v2\/media?parent=7202"}],"wp:term":[{"taxonomy":"category","embeddable":true,"href":"https:\/\/test.madridemprende.anovagroup.es\/en\/wp-json\/wp\/v2\/categories?post=7202"},{"taxonomy":"noticias","embeddable":true,"href":"https:\/\/test.madridemprende.anovagroup.es\/en\/wp-json\/wp\/v2\/noticias?post=7202"}],"curies":[{"name":"wp","href":"https:\/\/api.w.org\/{rel}","templated":true}]}}