{"id":7210,"date":"2016-09-12T00:00:00","date_gmt":"2016-09-12T00:00:00","guid":{"rendered":"https:\/\/pre.madridemprende.anovagroup.es\/noticias\/madrid-capital-de-moda-actividades-septiembre-2016\/"},"modified":"2022-06-08T11:25:34","modified_gmt":"2022-06-08T09:25:34","slug":"madrid-capital-de-moda-actividades-septiembre-2016","status":"publish","type":"noticias","link":"https:\/\/test.madridemprende.anovagroup.es\/en\/noticias\/madrid-capital-de-moda-actividades-septiembre-2016\/","title":{"rendered":"Madrid Capital de Moda. Actividades septiembre 2016"},"content":{"rendered":"<h3 style=\\\"text-align: center;\\\"><a href=\\\"http:\/\/www.madridcapitaldemoda.com\/\\\" target=\\\"_blank\\\"><img src=\\\"\/images\/public\/source\/COMERCIO\/CAMPANAS DE RPOMOCION\/MADRID CAPITAL DE MODA\/encabezado nota prensa sept 2016.jpg\\\" alt=\\\"encabezado nota prensa sept 2016\\\" width=\\\"184\\\" height=\\\"171\\\" \/><\/a>\u00a0<\/h3>\n<h3 style=\\\"text-align: center;\\\">Madrid Capital de Moda<\/h3>\n<p>Madrid Capital de Moda es una iniciativa de la Direcci\u00f3n General de Comercio y<\/p>\n<div style=\\\"text-align: justify;\\\">Emprendimiento del Ayuntamiento de Madrid para aglutinar todos los eventos<\/div>\n<p>de moda, belleza y estilo de vida como concepto general de moda y que son<br \/>celebrados en la ciudad.<\/p>\n<p>Una gu\u00eda de todo lo que pasa en Madrid relacionado con la moda, para<br \/>visibilizar, atraer y dar a conocer las propuestas m\u00e1s significativa, tanto de<br \/>entidades p\u00fablicas como privadas, que hacen de esta ciudad, una capital de<br \/>moda dentro del panorama internacional.<\/p>\n<p>Contando con el apoyo de instituciones, empresas y asociaciones, Madrid<br \/>Capital De Moda, se convierte en un faro que apunta al sector de la moda y el<br \/>comercio textil, motor de econom\u00eda y empleo.<\/p>\n<p>Un proyecto para unir fuerzas entre todas las personas que trabajan por y<br \/>para la moda en Madrid.<\/p>\n<h3>Acciones especiales para septiembre 2016.<\/h3>\n<p>En su apoyo a la moda y los eventos que ocurren en la ciudad, Madrid Capital<br \/>de Moda, en colaboraci\u00f3n con Gran Canaria Moda C\u00e1lida, pone en marcha, por<br \/>primera vez, un proyecto innovador de visibilizaci\u00f3n y acercamiento de las<br \/>pasarelas profesionales de Madrid al gran p\u00fablico, mediante la instalaci\u00f3n de<br \/>una gran pantalla en la c\u00e9ntrica plaza de Margaret Thacher (colinda con la<br \/>Plaza de Col\u00f3n), donde se retransmitir\u00e1n los desfiles \u00edntegros de las<br \/>plataformas MFSHOW MEN, MFSHOW WOMEN MFSHOW Curvies, MFSHOW NOW,<br \/>Mercedes Benz Fashion Week Madrid y Samsung EGO.<\/p>\n<p>Esta pantalla estar\u00e1 abierta para acoger a todo el p\u00fablico que quiera<br \/>acercarse a conocer las novedades para las siguientes temporadas,<br \/>reafirmando el car\u00e1cter aperturista que el Ayuntamiento de Madird frente a<br \/>las iniciativas de moda.<\/p>\n<p> <iframe src=\\\"https:\/\/www.youtube.com\/embed\/PAelvH4LA54\\\" width=\\\"560\\\" height=\\\"315\\\" frameborder=\\\"0\\\" allowfullscreen=\\\"\\\"><\/iframe> <\/p>\n<h3>Actividades programadas<\/h3>\n<p>A trav\u00e9s de la web<a href=\\\"http:\/\/www.madridcapitaldemoda.com\/\\\" target=\\\"_blank\\\"> http:\/\/www.madridcapitaldemoda.com\/<\/a>, se podr\u00e1 conocer<br \/>el calendario completo de las acciones acciones de moda que se desarrollar\u00e1n<br \/>en Madrid durante el mes de septiembre, entre las que destacan, adem\u00e1s de<br \/>las pasarelas MFSHOW MEN, MFSHOW WOMEN, MFSHOW Curvies, MFSHOW NOW,<br \/>celebrdas en Museo del Traje C.I.P.E., MBFWM y Samsung EGO, celebradas en<br \/>Ifema; las ferias profesionales MOMAD Metr\u00f3polis, MOMAD Shoes, Madrid Joya y<br \/>Bisutex. Tambi\u00e9n los proyectos de dinamizaci\u00f3n comercial Madrid es Moda y<br \/>Salesas Village [Festival] Parking Day, la exposici\u00f3n Trajes para Cervantes y<br \/>Shakespeare, y los Di\u00e1logos para el Futuro de la Moda, adem\u00e1s de una extensa<br \/>programaci\u00f3n de actividades para los pr\u00f3ximos meses.<\/p>\n<p>A todo esto, se unen otras acciones importantes para la ciudad como Vogue<br \/>Fashion Night Out, o el desfile de moda del 30 aniversario del CSDMM en Conde<br \/>Duque.<\/p>\n<p>Madrid Capital de Moda apoya todas estas iniciativas tambi\u00e9n a trav\u00e9s de una<br \/>intensa actividad publicitaria en autobuses de EMT, tur\u00edsticos y marquesinas.<\/p>\n<div style=\\\"text-align: center;\\\"><strong>Para m\u00e1s informaci\u00f3n, no duden en contactar con:<\/strong><br \/><strong>Concepci\u00f3n D\u00edaz de Villegas<\/strong><\/div>\n<div style=\\\"text-align: center;\\\"><a href=\\\"mailto:info@madridcapitaldemoda.com\\\" target=\\\"_blank\\\">info@madridcapitaldemoda.com<\/a><\/div>\n<div style=\\\"text-align: center;\\\"><a href=\\\"mailto:dgcomercioemprendim@madrid.es\\\" target=\\\"_blank\\\">dgcomercioemprendim@madrid.es<\/a><\/div>\n<div style=\\\"text-align: center;\\\">\n<p><img src=\\\"\/images\/public\/source\/COMERCIO\/CAMPANAS DE RPOMOCION\/MADRID CAPITAL DE MODA\/pie de nota de prensa sep 2016.jpg\\\" alt=\\\"pie de nota de prensa sep 2016\\\" width=\\\"555\\\" height=\\\"84\\\" \/><\/p>\n<\/div>\n","protected":false},"excerpt":{"rendered":"<p>\u00a0<br \/>\nMadrid Capital de Moda<br \/>\nMadrid Capital de Moda es una iniciativa de la&#8230;<\/p>\n","protected":false},"featured_media":7211,"template":"","meta":{"_acf_changed":false},"categories":[],"noticias":[],"class_list":["post-7210","noticias","type-noticias","status-publish","has-post-thumbnail","hentry"],"acf":[],"_links":{"self":[{"href":"https:\/\/test.madridemprende.anovagroup.es\/en\/wp-json\/wp\/v2\/noticias\/7210"}],"collection":[{"href":"https:\/\/test.madridemprende.anovagroup.es\/en\/wp-json\/wp\/v2\/noticias"}],"about":[{"href":"https:\/\/test.madridemprende.anovagroup.es\/en\/wp-json\/wp\/v2\/types\/noticias"}],"version-history":[{"count":0,"href":"https:\/\/test.madridemprende.anovagroup.es\/en\/wp-json\/wp\/v2\/noticias\/7210\/revisions"}],"wp:featuredmedia":[{"embeddable":true,"href":"https:\/\/test.madridemprende.anovagroup.es\/en\/wp-json\/wp\/v2\/media\/7211"}],"wp:attachment":[{"href":"https:\/\/test.madridemprende.anovagroup.es\/en\/wp-json\/wp\/v2\/media?parent=7210"}],"wp:term":[{"taxonomy":"category","embeddable":true,"href":"https:\/\/test.madridemprende.anovagroup.es\/en\/wp-json\/wp\/v2\/categories?post=7210"},{"taxonomy":"noticias","embeddable":true,"href":"https:\/\/test.madridemprende.anovagroup.es\/en\/wp-json\/wp\/v2\/noticias?post=7210"}],"curies":[{"name":"wp","href":"https:\/\/api.w.org\/{rel}","templated":true}]}}