{"id":7212,"date":"2016-09-12T00:00:00","date_gmt":"2016-09-12T00:00:00","guid":{"rendered":"https:\/\/pre.madridemprende.anovagroup.es\/noticias\/el-mundo-de-la-moda-se-da-cita-en-momad-metrpolis-y-momad-shoes\/"},"modified":"2022-06-08T11:25:34","modified_gmt":"2022-06-08T09:25:34","slug":"el-mundo-de-la-moda-se-da-cita-en-momad-metrpolis-y-momad-shoes","status":"publish","type":"noticias","link":"https:\/\/test.madridemprende.anovagroup.es\/en\/noticias\/el-mundo-de-la-moda-se-da-cita-en-momad-metrpolis-y-momad-shoes\/","title":{"rendered":"El mundo de la moda se da cita en MOMAD Metr\u00f3polis y MOMAD Shoes"},"content":{"rendered":"<p>El pasado viernes 9 de septiembre abri\u00f3 sus puertas <a href=\\\"http:\/\/www.ifema.es\/momadmetropolis_01\\\">MOMAD Metr\u00f3polis<\/a> y <a href=\\\"http:\/\/www.ifema.es\/momadshoes_01\\\">MOMAD Shoes<\/a>, el gran Sal\u00f3n Internacional de Textil y Complementos que re\u00fane a creadores, expositores, cazadores de tendencias y profesionales de la moda.<\/p>\n<p><a href=\\\"http:\/\/www.comercio.gob.es\/es-es\/secretaria-de-estado\/paginas\/organigrama.aspx\\\">Jaime Garc\u00eda Legaz<\/a>, Secretario de Estado de Comercio, fue el encargado de inaugurar ambos cert\u00e1menes. Junto a \u00e9l, la primera teniente de alcalde, Marta Higueras, y Concha D\u00edaz de Villegas, Directora General de Comercio y Emprendimiento del Ayuntamiento de Madrid visitaron MOMAD, viendo de cerca las propuestas tanto de nuevos como consagrados creadores, y acerc\u00e1ndose a las tendencias que mueven nuestra ciudad<\/p>\n<p>El Ayuntamiento de Madrid presta un especial inter\u00e9s a la moda y sus creadores, como pieza clave de la actividad econ\u00f3mica y atractivo de nuestra ciudad, como demuestran todas las actividades englobadas en el Proyecto <a href=\\\"http:\/\/www.madridcapitaldemoda.com\/\\\">Madrid Capital de Moda<\/a>, que aglutina todos los eventos de moda celebrados en la ciudad, una gu\u00eda de todo lo que pasa en Madrid relacionado con moda, belleza y decoraci\u00f3n, con el objetivo de visibilizar y dar a conocer las propuestas m\u00e1s significativas de entidades p\u00fablicas y privadas que se hacen en la ciudad, capital de moda en el panorama internacional.<\/p>\n<p>En paralelo a la celebraci\u00f3n <a href=\\\"http:\/\/www.ifema.es\/momadmetropolis_01\\\">MOMAD Metr\u00f3polis<\/a> y <a href=\\\"http:\/\/www.ifema.es\/momadshoes_01\\\">MOMAD Shoes<\/a> se desarrollar\u00e1 una amplia agenda de seminarios, ponencias y mesas redondas en el Foro MOMAD, el \u00e1rea divulgativa y de conocimiento de ambas ferias, dirigida al visitante profesional. Sus contenidos proporcionar\u00e1n un importante valor a\u00f1adido al profesional en su visita a la feria, aport\u00e1ndole herramientas para hacer crecer y mejorar su negocio. Adem\u00e1s, MOMAD acoger\u00e1 la celebraci\u00f3n de la primera edici\u00f3n MOMAD Fashion Lab, en torno al que se analizar\u00e1n las principales tendencias de moda, con el canal multimarca como tema central, as\u00ed como el papel que juega la moda responsable en la actualidad. Completar\u00e1n los contenidos de las convocatorias de MOMAD METROPOLIS y MOMAD SHOES, diversas exposiciones en torno a la Moda y el Calzado.<\/p>\n","protected":false},"excerpt":{"rendered":"<p>El pasado viernes 9 de septiembre abri\u00f3 sus puertas MOMAD Metr\u00f3polis y&#8230;<\/p>\n","protected":false},"featured_media":7213,"template":"","meta":{"_acf_changed":false},"categories":[],"noticias":[],"class_list":["post-7212","noticias","type-noticias","status-publish","has-post-thumbnail","hentry"],"acf":[],"_links":{"self":[{"href":"https:\/\/test.madridemprende.anovagroup.es\/en\/wp-json\/wp\/v2\/noticias\/7212"}],"collection":[{"href":"https:\/\/test.madridemprende.anovagroup.es\/en\/wp-json\/wp\/v2\/noticias"}],"about":[{"href":"https:\/\/test.madridemprende.anovagroup.es\/en\/wp-json\/wp\/v2\/types\/noticias"}],"version-history":[{"count":0,"href":"https:\/\/test.madridemprende.anovagroup.es\/en\/wp-json\/wp\/v2\/noticias\/7212\/revisions"}],"wp:featuredmedia":[{"embeddable":true,"href":"https:\/\/test.madridemprende.anovagroup.es\/en\/wp-json\/wp\/v2\/media\/7213"}],"wp:attachment":[{"href":"https:\/\/test.madridemprende.anovagroup.es\/en\/wp-json\/wp\/v2\/media?parent=7212"}],"wp:term":[{"taxonomy":"category","embeddable":true,"href":"https:\/\/test.madridemprende.anovagroup.es\/en\/wp-json\/wp\/v2\/categories?post=7212"},{"taxonomy":"noticias","embeddable":true,"href":"https:\/\/test.madridemprende.anovagroup.es\/en\/wp-json\/wp\/v2\/noticias?post=7212"}],"curies":[{"name":"wp","href":"https:\/\/api.w.org\/{rel}","templated":true}]}}