{"id":7214,"date":"2016-09-13T00:00:00","date_gmt":"2016-09-13T00:00:00","guid":{"rendered":"https:\/\/pre.madridemprende.anovagroup.es\/noticias\/este-otoo-vuelve-gira-de-mercaderes-la-feria-itinerante-de-diseadores-y-creadores-en-la-plaza-del-mercado-de-tu-barrio\/"},"modified":"2022-06-08T11:25:34","modified_gmt":"2022-06-08T09:25:34","slug":"este-otoo-vuelve-gira-de-mercaderes-la-feria-itinerante-de-diseadores-y-creadores-en-la-plaza-del-mercado-de-tu-barrio","status":"publish","type":"noticias","link":"https:\/\/test.madridemprende.anovagroup.es\/en\/noticias\/este-otoo-vuelve-gira-de-mercaderes-la-feria-itinerante-de-diseadores-y-creadores-en-la-plaza-del-mercado-de-tu-barrio\/","title":{"rendered":"Este oto\u00f1o vuelve Gira de Mercaderes, la feria itinerante de dise\u00f1adores y creadores en la plaza del Mercado de tu barrio."},"content":{"rendered":"<p class=\\\"MsoNormal\\\" style=\\\"text-align: justify;\\\"><span style=\\\"font-family: Calibri;\\\">La feria itinerante Gira de Mercaderes, tras la buena acogida de la edici\u00f3n celebrada en la pasada primavera,\u00a0 vuelve este oto\u00f1o de 2016 a los mercados municipales. Desde el pr\u00f3ximo 17 de septiembre y durante 7 s\u00e1bados Gira de Mercaderes dar\u00e1 color y ambiente a las plazas colindantes a los mercados municipales de <\/span><a href=\\\"\/es\/mercados\/mercados-de-madrid\/Mercados\/ficha\/18b289666b0c2a3bcd1b7b2327afd9db\/\\\" target=\\\"_blank\\\"><strong><span style=\\\"font-family: Calibri;\\\">Las \u00c1guilas<\/span><\/strong><\/a><span style=\\\"font-family: Calibri;\\\"> (Distrito de Latina) y <\/span><a href=\\\"\/es\/mercados\/mercados-de-madrid\/Mercados\/ficha\/4c856dd63d3a2cb7254fb249bd790715\/\\\" target=\\\"_blank\\\"><strong><span style=\\\"font-family: Calibri;\\\">Prosperidad<\/span><\/strong><\/a><span style=\\\"font-family: Calibri;\\\"> (Distrito de Chamart\u00edn). Su prop\u00f3sito es <\/span><span style=\\\"font-family: Calibri; mso-bidi-font-family: Helvetica;\\\">apoyar de forma simult\u00e1nea a nuevos emprendedores y al comercio tradicional. <\/span><\/p>\n<p class=\\\"MsoNormal\\\" style=\\\"text-align: justify;\\\"><span style=\\\"font-family: Calibri; mso-bidi-font-family: Arial; mso-bidi-font-weight: bold;\\\">Dise\u00f1o, bisuter\u00eda, artesan\u00eda, collage, juegos, moda, ropa infantil, complementos y todo lo que puedas imaginar, en un evento apoyado por la <strong>Direcci\u00f3n General<\/strong><strong> de Comercio y Emprendimiento del Ayuntamiento de Madrid, <\/strong>que pretende acercar este tipo de eventos y actividades a todos los madrile\u00f1os. <\/span><\/p>\n<p class=\\\"MsoNormal\\\" style=\\\"text-align: justify;\\\"><span style=\\\"font-family: Calibri; mso-bidi-font-family: Arial; mso-bidi-font-weight: bold;\\\">Gira de Mercaderes se celebrar\u00e1 en la plaza colindante al mercado de <\/span><a href=\\\"\/es\/mercados\/mercados-de-madrid\/Mercados\/ficha\/18b289666b0c2a3bcd1b7b2327afd9db\/\\\" target=\\\"_blank\\\"><strong><span style=\\\"font-family: Calibri; mso-bidi-font-family: Arial;\\\">Las \u00c1guilas<\/span><\/strong><\/a><span style=\\\"font-family: Calibri; mso-bidi-font-family: Arial; mso-bidi-font-weight: bold;\\\"> los s\u00e1bados 17 y 24 de septiembre y 1 de octubre, y en la del mercado de <\/span><a href=\\\"\/es\/mercados\/mercados-de-madrid\/Mercados\/ficha\/4c856dd63d3a2cb7254fb249bd790715\/\\\" target=\\\"_blank\\\"><strong><span style=\\\"font-family: Calibri; mso-bidi-font-family: Arial;\\\">Prosperidad<\/span><\/strong><\/a><span style=\\\"font-family: Calibri; mso-bidi-font-family: Arial; mso-bidi-font-weight: bold;\\\"> los restantes s\u00e1bados del mes de octubre de 2016.<\/span><\/p>\n<p class=\\\"MsoNormal\\\" style=\\\"text-align: justify;\\\"><span style=\\\"font-family: Calibri;\\\">D<\/span><span style=\\\"font-family: Calibri; mso-bidi-font-family: Arial; mso-bidi-font-weight: bold;\\\">e 11:30 a 21:00 horas estas plazas se llenar\u00e1n de carpas blancas que acoger\u00e1n alrededor de 140 <\/span><span style=\\\"font-family: Calibri; mso-bidi-font-weight: bold;\\\">nuevos dise\u00f1adores espa\u00f1oles. <\/span><span style=\\\"font-family: Calibri; mso-bidi-font-family: Helvetica;\\\">Pero no s\u00f3lo habr\u00e1 dise\u00f1o, tambi\u00e9n se desarrollar\u00e1n actividades l\u00fadicas, j<\/span><span style=\\\"font-family: Calibri; mso-bidi-font-family: Arial; mso-bidi-font-weight: bold;\\\">uegos, talleres y otras propuestas para toda la familia, incluso un estudio de fotograf\u00eda port\u00e1til para que los vecinos puedan hacerse su propio \u201cbook profesional\u201d.<\/span><\/p>\n<p class=\\\"MsoNormal\\\" style=\\\"text-align: justify;\\\"><span style=\\\"font-family: Calibri; background: white; mso-highlight: white;\\\">Conel apoyo a<strong> Gira de Mercaderes<\/strong> el Ayuntamiento de Madrid pretende contribuir a la dinamizaci\u00f3n de los mercados municipales, a la vez que apoyar a nuevos emprendedores<\/span><span style=\\\"font-family: Calibri;\\\"> y creadores, especialmente a los de los barrios en los que se desarrolla. <\/span><\/p>\n<p style=\\\"margin: 0cm; margin-bottom: .0001pt; text-align: justify;\\\"><span style=\\\"font-family: Calibri;\\\">Gira de Mercaderes es un evento organizado <\/span><a href=\\\"http:\/\/www.malasanaman.com\/\\\" target=\\\"_blank\\\"><strong><span style=\\\"font-family: Calibri; color: #1155cc;\\\">Malasa\u00f1aman<\/span><\/strong><\/a><strong><span style=\\\"font-family: Calibri;\\\"> y <\/span><\/strong><a href=\\\"http:\/\/missbijoux.es\/\\\" target=\\\"_blank\\\"><strong><em><span style=\\\"font-family: Calibri;\\\">MissBijoux<\/span><\/em><\/strong><span style=\\\"font-family: Calibri;\\\">. <\/span><\/a><span style=\\\"font-family: Calibri;\\\">\u00a0<\/span><\/p>\n<p class=\\\"font7\\\" style=\\\"margin: 0cm; margin-bottom: .0001pt; text-align: justify; mso-outline-level: 1;\\\"><strong><span style=\\\"font-family: Calibri;\\\">SOBRE LOS DOS MERCADOS<\/span><\/strong><\/p>\n<p class=\\\"font7\\\" style=\\\"margin: 0cm; margin-bottom: .0001pt; text-align: justify;\\\"><span style=\\\"font-family: Calibri;\\\">El mercado de <\/span><a href=\\\"\/es\/mercados\/mercados-de-madrid\/Mercados\/ficha\/18b289666b0c2a3bcd1b7b2327afd9db\/\\\" target=\\\"_blank\\\"><strong><span style=\\\"font-family: Calibri;\\\">Las \u00c1guilas<\/span><\/strong><\/a><span style=\\\"font-family: Calibri; mso-bidi-font-family: Arial;\\\">, ubicado entre la estaci\u00f3n de Aluche y el \u00e1rea de Cuatro Vientos, se ha convertido en la actualidad en el principal exponente de una de las zonas comerciales m\u00e1s consolidadas del \u00a0distrito de Latina. Cuenta con m\u00e1s de 70 puestos de alimentaci\u00f3n y tiendas exteriores especializadas en comercio no alimentario. <\/span><a name=\\\"_GoBack\\\"><\/a><\/p>\n<p class=\\\"font70\\\" style=\\\"margin: 0cm; margin-bottom: .0001pt; text-align: justify;\\\"><span style=\\\"font-family: Calibri; mso-bidi-font-family: Arial;\\\">El mercado de <\/span><a href=\\\"\/es\/mercados\/mercados-de-madrid\/Mercados\/ficha\/4c856dd63d3a2cb7254fb249bd790715\/\\\" target=\\\"_blank\\\"><strong><span style=\\\"font-family: Calibri; mso-bidi-font-family: Arial;\\\">Prosperidad<\/span><\/strong><\/a><span style=\\\"font-family: Calibri; mso-bidi-font-family: Arial;\\\">, inaugurado en el a\u00f1o 1954 y ubicado en el n\u00famero 81 de la calle L\u00f3pez de Hoyos, uno de los principales ejes comerciales del distrito de Chamart\u00edn, reabri\u00f3 recientemente\u00a0sus puertas al p\u00fablico tras las obras de remodelaci\u00f3n que lo han convertido en un mercado, accesible, adaptado a las nuevas demandas de los consumidores y atractivo para los vecinos. Con Gira de Mercaderes y un bonito d\u00eda soleado, la plaza se convierte en un punto de encuentro para amigos y vecinos del barrio.<\/span><\/p>\n<p class=\\\"font7\\\" style=\\\"margin: 0cm; margin-bottom: .0001pt; text-align: justify; mso-outline-level: 1;\\\"><span style=\\\"font-family: Calibri;\\\">El <strong>dise\u00f1o independiente<\/strong> llega al <strong>mercado de tu barrio<\/strong>. <strong>\u00bfQuieres participar?<\/strong><\/span><\/p>\n<p class=\\\"MsoNormal\\\" style=\\\"text-align: justify;\\\"><strong><span style=\\\"font-family: Calibri;\\\">S\u00edguenos en <\/span><\/strong><a href=\\\"http:\/\/www.girademercaderes.com\/\\\" target=\\\"_blank\\\"><strong><span style=\\\"font-family: Calibri;\\\">www.girademercaderes.com<\/span><\/strong><\/a><strong><span style=\\\"font-family: Calibri;\\\"> o\u00a0 en Facebook: <\/span><\/strong><a href=\\\"https:\/\/www.facebook.com\/girademercaderes\\\" target=\\\"_blank\\\"><strong><span style=\\\"font-family: Calibri;\\\">Gira de Mercaderes<\/span><\/strong><\/a><\/p>\n","protected":false},"excerpt":{"rendered":"<p>La feria itinerante Gira de Mercaderes, tras la buena acogida de la edici\u00f3n&#8230;<\/p>\n","protected":false},"featured_media":7215,"template":"","meta":{"_acf_changed":false},"categories":[],"noticias":[],"class_list":["post-7214","noticias","type-noticias","status-publish","has-post-thumbnail","hentry"],"acf":[],"_links":{"self":[{"href":"https:\/\/test.madridemprende.anovagroup.es\/en\/wp-json\/wp\/v2\/noticias\/7214"}],"collection":[{"href":"https:\/\/test.madridemprende.anovagroup.es\/en\/wp-json\/wp\/v2\/noticias"}],"about":[{"href":"https:\/\/test.madridemprende.anovagroup.es\/en\/wp-json\/wp\/v2\/types\/noticias"}],"version-history":[{"count":0,"href":"https:\/\/test.madridemprende.anovagroup.es\/en\/wp-json\/wp\/v2\/noticias\/7214\/revisions"}],"wp:featuredmedia":[{"embeddable":true,"href":"https:\/\/test.madridemprende.anovagroup.es\/en\/wp-json\/wp\/v2\/media\/7215"}],"wp:attachment":[{"href":"https:\/\/test.madridemprende.anovagroup.es\/en\/wp-json\/wp\/v2\/media?parent=7214"}],"wp:term":[{"taxonomy":"category","embeddable":true,"href":"https:\/\/test.madridemprende.anovagroup.es\/en\/wp-json\/wp\/v2\/categories?post=7214"},{"taxonomy":"noticias","embeddable":true,"href":"https:\/\/test.madridemprende.anovagroup.es\/en\/wp-json\/wp\/v2\/noticias?post=7214"}],"curies":[{"name":"wp","href":"https:\/\/api.w.org\/{rel}","templated":true}]}}