{"id":7216,"date":"2016-09-14T00:00:00","date_gmt":"2016-09-14T00:00:00","guid":{"rendered":"https:\/\/pre.madridemprende.anovagroup.es\/noticias\/salesas-village-festival-se-une-en-su-nueva-edicin-al-parking-day-de-la-comunidad-verde\/"},"modified":"2022-06-08T11:25:02","modified_gmt":"2022-06-08T09:25:02","slug":"salesas-village-festival-se-une-en-su-nueva-edicin-al-parking-day-de-la-comunidad-verde","status":"publish","type":"noticias","link":"https:\/\/test.madridemprende.anovagroup.es\/en\/noticias\/salesas-village-festival-se-une-en-su-nueva-edicin-al-parking-day-de-la-comunidad-verde\/","title":{"rendered":"Salesas Village [Festival] se une en su nueva edici\u00f3n al Park(ing) Day de la Comunidad Verde"},"content":{"rendered":"<p>Los d\u00edas <strong>16 y 17 de septiembre<\/strong>, y en pleno mes de la moda internacional, <strong><a href=\\\"http:\/\/salesasvillage.com\/ya-llega-salesas-village-festival\/\\\" target=\\\"_blank\\\">Salesas Village [Festival]<\/a><\/strong>\u00a0celebra una nueva edici\u00f3n uni\u00e9ndose a la iniciativa<a href=\\\"http:\/\/lacomunidadverde.com\/parkingday\/\\\" target=\\\"_blank\\\"><strong><em> Park(ing) Day<\/em> de la Comunidad Verde<\/strong>.<\/a><\/p>\n<p> Tras el objetivo del cuidado al medioambiente y la sostenibilidad, el comercio de nuestro barrio saldr\u00e1 a las calles m\u00e1s emblem\u00e1ticas y transitadas de la zona de las Salesas en horario de <strong>11:00 a 21:00 horas<\/strong>. Cada tienda se \\\u00bbadue\u00f1ar\u00e1\\\u00bb estos d\u00edas de una plaza de parking en la que podr\u00e1n exhibir y vender sus productos o servicios, creando as\u00ed un <em><strong>street market<\/strong><\/em> en una de las zonas m\u00e1s concurridas del centro de Madrid.<\/p>\n<p><strong>Eso no es todo.<\/strong> <\/p>\n<p><strong>Talleres y actividades<\/strong> para ni\u00f1os y mayores se realizar\u00e1n en los puestos del <em>street market<\/em>, con lo que o s\u00f3lo se podr\u00e1 disfrutar de dos d\u00edas de shopping al aire libre, sino tambi\u00e9n de jornadas de ocio para todos los p\u00fablicos. Adem\u00e1s, varios de nuestros restaurantes m\u00e1s famosos dispondr\u00e1n de espacios donde poder reponer fuerzas adquiriendo comida y bebida <em>take away<\/em>.<\/p>\n<p><strong>\u00bfD\u00f3nde podremos encontrar el <em>street market<\/em>?\u00a0<br \/><\/strong><br \/>Las calles elegidas, que crear\u00e1n el centro neur\u00e1lgico de Salesas Village [Festival] son: principio de <strong>Campoamor, Pelayo<\/strong> y la zona central de <strong>Fernando VI<\/strong>. Adem\u00e1s, en la calle <strong>Santa Teresa<\/strong> se situar\u00e1 la \\\u00bbzona gastro\\\u00bb donde encontrar\u00e9is puestos, como hemos dicho antes, de comida take away.<\/p>\n<p>Toda la zona se decorar\u00e1 con miles de banderillas de colores que crear\u00e1n un camino en el cielo con el que se guiar\u00e1 a los transe\u00fantes hasta el centro de la celebraci\u00f3n.<\/p>\n<p>Salesas Village cuenta con el apoyo de <strong><a href=\\\"http:\/\/www.madridcapitaldemoda.com\/\\\" target=\\\"_blank\\\">Madrid Capital de Moda<\/a><\/strong>, un proyecto liderado por el Ayuntamiento de Madrid para la promoci\u00f3n y difusi\u00f3n de moda en la capital, con el \u00e1nimo de incentivar el comercio y el desarrollo econ\u00f3mico y empresarial.<\/p>\n","protected":false},"excerpt":{"rendered":"<p>Los d\u00edas 16 y 17 de septiembre, y en pleno mes de la moda internacional,&#8230;<\/p>\n","protected":false},"featured_media":7217,"template":"","meta":{"_acf_changed":false},"categories":[],"noticias":[],"class_list":["post-7216","noticias","type-noticias","status-publish","has-post-thumbnail","hentry"],"acf":[],"_links":{"self":[{"href":"https:\/\/test.madridemprende.anovagroup.es\/en\/wp-json\/wp\/v2\/noticias\/7216"}],"collection":[{"href":"https:\/\/test.madridemprende.anovagroup.es\/en\/wp-json\/wp\/v2\/noticias"}],"about":[{"href":"https:\/\/test.madridemprende.anovagroup.es\/en\/wp-json\/wp\/v2\/types\/noticias"}],"version-history":[{"count":0,"href":"https:\/\/test.madridemprende.anovagroup.es\/en\/wp-json\/wp\/v2\/noticias\/7216\/revisions"}],"wp:featuredmedia":[{"embeddable":true,"href":"https:\/\/test.madridemprende.anovagroup.es\/en\/wp-json\/wp\/v2\/media\/7217"}],"wp:attachment":[{"href":"https:\/\/test.madridemprende.anovagroup.es\/en\/wp-json\/wp\/v2\/media?parent=7216"}],"wp:term":[{"taxonomy":"category","embeddable":true,"href":"https:\/\/test.madridemprende.anovagroup.es\/en\/wp-json\/wp\/v2\/categories?post=7216"},{"taxonomy":"noticias","embeddable":true,"href":"https:\/\/test.madridemprende.anovagroup.es\/en\/wp-json\/wp\/v2\/noticias?post=7216"}],"curies":[{"name":"wp","href":"https:\/\/api.w.org\/{rel}","templated":true}]}}