{"id":7218,"date":"2016-09-15T00:00:00","date_gmt":"2016-09-15T00:00:00","guid":{"rendered":"https:\/\/pre.madridemprende.anovagroup.es\/noticias\/entrega-de-los-premios-gato-terrazas-2016\/"},"modified":"2022-06-08T11:25:02","modified_gmt":"2022-06-08T09:25:02","slug":"entrega-de-los-premios-gato-terrazas-2016","status":"publish","type":"noticias","link":"https:\/\/test.madridemprende.anovagroup.es\/en\/noticias\/entrega-de-los-premios-gato-terrazas-2016\/","title":{"rendered":"Entrega de los premios Gato Terrazas 2016"},"content":{"rendered":"<p class=\\\"MsoNormal\\\" style=\\\"margin-bottom: 0.0001pt; text-align: justify;\\\"><span style=\\\"font-family: \\'Helvetica Neue\\'; mso-bidi-font-family: \\'Helvetica Neue\\';\\\">La terraza del madrile\u00f1o hotel \u00cdndigo fue el marco elegido el mi\u00e9rcoles 14 de septiembre para la <strong>gala de clausura y entrega de galardones de los PREMIOS GATO TERRAZAS 2016<\/strong>. Se trata de la primera edici\u00f3n de esta iniciativa de la <strong>Asociaci\u00f3n<\/strong><strong> de Empresarios de Hosteler\u00eda de la Comunidad de Madrid (LA VI\u00d1A), <\/strong>que ha contado con el apoyo de <strong>Mahou San Miguel y del Ayuntamiento de la ciudad<\/strong> para orquestar este certamen que, desde el pasado mes de junio, ha dinamizado la actividad de las terrazas de la capital.<\/span><\/p>\n<p class=\\\"MsoNormal\\\" style=\\\"margin-bottom: 0.0001pt; text-align: justify;\\\"><strong><span style=\\\"font-family: \\'Helvetica Neue\\'; mso-bidi-font-family: \\'Helvetica Neue\\';\\\">51 son las terrazas<\/span><\/strong><span style=\\\"font-family: \\'Helvetica Neue\\'; mso-bidi-font-family: \\'Helvetica Neue\\'; mso-bidi-font-weight: bold;\\\"> que, a lo largo de todo el verano, han lucido la silueta del ya ic\u00f3nico gato rojo que las identificaba como<a name=\\\"_GoBack\\\"><\/a> concursantes. De ellas, 25 han participado en la categor\u00eda de <strong>MEJOR OFERTA GASTRON\u00d3MICA, galard\u00f3n que ha reca\u00eddo en la terraza que el restaurante LOS GALAYOS<\/strong> extiende sobre la castiza Plaza Mayor. Por su parte, el moderno y c\u00e9ntrico hotel <strong>JARDINES DE SABATINI (Cuesta de San Vicente, 16) ha sido acreedor del premio a la TERRAZA CON M\u00c1S ENCANTO<\/strong> de entre las 7 que se disputaban el t\u00edtulo y, finalmente, la azotea del propio <strong>HOTEL \u00cdNDIGO (Silva, 6) ha obtenido el primer puesto en la modalidad de MEJOR AMBIENTE NOCTURNO<\/strong> a la que han concurrido 19 terrazas.<\/span><\/p>\n<p class=\\\"MsoNormal\\\" style=\\\"margin-bottom: 0.0001pt; text-align: justify;\\\"><span style=\\\"font-family: \\'Helvetica Neue\\'; mso-bidi-font-family: \\'Helvetica Neue\\'; mso-bidi-font-weight: bold;\\\">Tres meses ha tenido el p\u00fablico para visitar, valorar y votar a sus preferidas. Como resultado, se han recibido 21.000 visitas a la web <\/span><a href=\\\"http:\/\/www.saborea-madrid.com\/\\\" target=\\\"_blank\\\"><span style=\\\"font-family: \\'Helvetica Neue\\'; mso-bidi-font-family: \\'Helvetica Neue\\'; mso-bidi-font-weight: bold;\\\">www.saborea-madrid.com<\/span><\/a><span style=\\\"font-family: \\'Helvetica Neue\\'; mso-bidi-font-family: \\'Helvetica Neue\\'; mso-bidi-font-weight: bold;\\\">, y se han recogido los m\u00e1s de 2.000 votos v\u00e1lidos que han determinado los ganadores en cada una de las tres categor\u00edas. <\/span><\/p>\n<p class=\\\"MsoNormal\\\" style=\\\"margin-bottom: 0.0001pt; text-align: justify;\\\"><span style=\\\"font-family: \\'Helvetica Neue\\'; mso-bidi-font-family: \\'Helvetica Neue\\'; mso-bidi-font-weight: bold;\\\">Los premios, consistentes cada uno de ellos en una estatuilla conmemorativa y un viaje a Par\u00eds para dos personas, as\u00ed como los diplomas al segundo y tercer clasificado en cada modalidad, se entregaron en el transcurso del acto de clausura. El evento cont\u00f3 con la presencia de do\u00f1a Concepci\u00f3n D\u00edaz de Villegas, Directora General de Comercio y Emprendimiento del Ayuntamiento de Madrid,\u00a0 don Juan Jos\u00e9 Blardony, Director General de LA VI\u00d1A y don Juan Jos\u00e9 de Madariaga en representaci\u00f3n de Mahou San Miguel.<\/span><\/p>\n<p class=\\\"MsoNormal\\\" style=\\\"margin-bottom: 0.0001pt; text-align: justify;\\\"><span style=\\\"font-family: \\'Helvetica Neue\\'; mso-bidi-font-family: \\'Helvetica Neue\\'; mso-bidi-font-weight: bold;\\\">Para agradecer la entusiasta participaci\u00f3n del p\u00fablico en los Premios Gato Terrazas, LA VI\u00d1A sorte\u00f3 otro viaje a la ciudad de la luz entre los votantes, premio que le fue entregado a su ganadora, Tatiana Guaneme.<\/span><\/p>\n<p class=\\\"MsoNormal\\\" style=\\\"margin-bottom: 0.0001pt; text-align: justify;\\\"><span style=\\\"font-family: \\'Helvetica Neue\\'; mso-bidi-font-family: \\'Helvetica Neue\\'; mso-bidi-font-weight: bold;\\\">LA VI\u00d1A<\/span><span style=\\\"font-family: \\'Helvetica Neue\\'; mso-bidi-font-family: \\'Helvetica Neue\\'; mso-bidi-font-weight: bold;\\\"> ha expresado su firme voluntad de realizar una edici\u00f3n anual de esta iniciativa orientada a las terrazas madrile\u00f1as, aut\u00e9nticos focos de atenci\u00f3n del ocio y el turismo estivales de nuestra ciudad.<\/span><\/p>\n<p class=\\\"MsoNormal\\\" style=\\\"margin-bottom: 0.0001pt; text-align: center;\\\" align=\\\"center\\\"><strong><span style=\\\"font-family: \\'Helvetica Neue\\'; mso-bidi-font-family: \\'Helvetica Neue\\';\\\">RESULTADOS PREMIOS GATO TERRAZAS 2016<\/span><\/strong><\/p>\n<p class=\\\"MsoNormal\\\" style=\\\"margin-bottom: 0.0001pt; text-align: center;\\\" align=\\\"center\\\"><strong><span style=\\\"font-family: \\'Helvetica Neue\\'; mso-bidi-font-family: \\'Helvetica Neue\\';\\\">Total Terrazas participantes<\/span><\/strong><span style=\\\"font-family: \\'Helvetica Neue\\'; mso-bidi-font-family: \\'Helvetica Neue\\'; mso-bidi-font-weight: bold;\\\">: <strong>51<\/p>\n<p><\/strong><\/span><\/p>\n<p class=\\\"MsoNormal\\\" style=\\\"margin: 0cm 0cm 0.0001pt 36pt; text-indent: -18pt; text-align: left;\\\"><!-- [if !supportLists]-->&#8211;<span style=\\\"font-stretch: normal; font-size: 7pt;\\\">\u00a0\u00a0\u00a0\u00a0\u00a0\u00a0\u00a0 <\/span><!--[endif]--><strong><span style=\\\"font-family: \\'Helvetica Neue\\'; mso-bidi-font-family: \\'Helvetica Neue\\';\\\">Categor\u00eda gastron\u00f3mica:<\/span><\/strong><\/p>\n<p class=\\\"MsoNormal\\\" style=\\\"margin-bottom: 0.0001pt; text-align: justify;\\\"><span style=\\\"font-family: \\'Helvetica Neue\\'; mso-bidi-font-family: \\'Helvetica Neue\\'; mso-bidi-font-weight: bold;\\\">Participantes: 25 terrazas<\/span><\/p>\n<p class=\\\"MsoNormal\\\" style=\\\"margin-bottom: 0.0001pt; text-align: justify;\\\"><span style=\\\"font-family: \\'Helvetica Neue\\'; mso-bidi-font-family: \\'Helvetica Neue\\'; mso-bidi-font-weight: bold;\\\">Ganador: Los Galayos <\/span><\/p>\n<p class=\\\"MsoNormal\\\" style=\\\"margin-bottom: 0.0001pt; text-align: justify;\\\"><span style=\\\"font-family: \\'Helvetica Neue\\'; mso-bidi-font-family: \\'Helvetica Neue\\'; mso-bidi-font-weight: bold;\\\">Segundo clasificado: El Minibar<\/span><\/p>\n<p class=\\\"MsoNormal\\\" style=\\\"margin-bottom: 0.0001pt; text-align: justify;\\\"><span style=\\\"font-family: \\'Helvetica Neue\\'; mso-bidi-font-family: \\'Helvetica Neue\\'; mso-bidi-font-weight: bold;\\\">Tercer clasificado: La Manduca<\/p>\n<p> <\/span><\/p>\n<p class=\\\"MsoNormal\\\" style=\\\"margin: 0cm 0cm 0.0001pt 36pt; text-align: justify; text-indent: -18pt;\\\"><!-- [if !supportLists]-->&#8211;<span style=\\\"font-stretch: normal; font-size: 7pt;\\\">\u00a0\u00a0\u00a0\u00a0\u00a0\u00a0\u00a0 <\/span><!--[endif]--><strong><span style=\\\"font-family: \\'Helvetica Neue\\'; mso-bidi-font-family: \\'Helvetica Neue\\';\\\">Categor\u00eda mejor ambiente nocturno: <\/span><\/strong><\/p>\n<p class=\\\"MsoNormal\\\" style=\\\"margin-bottom: 0.0001pt; text-align: justify;\\\"><span style=\\\"font-family: \\'Helvetica Neue\\'; mso-bidi-font-family: \\'Helvetica Neue\\'; mso-bidi-font-weight: bold;\\\">Participantes: 19 terrazas<\/span><\/p>\n<p class=\\\"MsoNormal\\\" style=\\\"margin-bottom: 0.0001pt; text-align: justify;\\\"><span style=\\\"font-family: \\'Helvetica Neue\\'; mso-bidi-font-family: \\'Helvetica Neue\\'; mso-bidi-font-weight: bold;\\\">Ganador: Hotel \u00cdndigo<\/span><\/p>\n<p class=\\\"MsoNormal\\\" style=\\\"margin-bottom: 0.0001pt; text-align: justify;\\\"><span style=\\\"font-family: \\'Helvetica Neue\\'; mso-bidi-font-family: \\'Helvetica Neue\\'; mso-bidi-font-weight: bold;\\\">Segundo clasificado: La Consentida<\/span><\/p>\n<p class=\\\"MsoNormal\\\" style=\\\"margin-bottom: 0.0001pt; text-align: justify;\\\"><span style=\\\"font-family: \\'Helvetica Neue\\'; mso-bidi-font-family: \\'Helvetica Neue\\'; mso-bidi-font-weight: bold;\\\">Tercer clasificado: Serrano 80<\/p>\n<p> <\/span><\/p>\n<p class=\\\"MsoNormal\\\" style=\\\"margin: 0cm 0cm 0.0001pt 36pt; text-align: justify; text-indent: -18pt;\\\"><!-- [if !supportLists]-->&#8211;<span style=\\\"font-stretch: normal; font-size: 7pt;\\\">\u00a0\u00a0\u00a0\u00a0\u00a0\u00a0\u00a0 <\/span><!--[endif]--><strong><span style=\\\"font-family: \\'Helvetica Neue\\'; mso-bidi-font-family: \\'Helvetica Neue\\';\\\">Categor\u00eda con encanto: <\/span><\/strong><\/p>\n<p class=\\\"MsoNormal\\\" style=\\\"margin-bottom: 0.0001pt; text-align: justify;\\\"><span style=\\\"font-family: \\'Helvetica Neue\\'; mso-bidi-font-family: \\'Helvetica Neue\\'; mso-bidi-font-weight: bold;\\\">Participantes: 7 terrazas<\/span><\/p>\n<p class=\\\"MsoNormal\\\" style=\\\"margin-bottom: 0.0001pt; text-align: justify;\\\"><span style=\\\"font-family: \\'Helvetica Neue\\'; mso-bidi-font-family: \\'Helvetica Neue\\'; mso-bidi-font-weight: bold;\\\">Ganador: Terraza Sabatini<\/span><\/p>\n<p class=\\\"MsoNormal\\\" style=\\\"margin-bottom: 0.0001pt; text-align: justify;\\\"><span style=\\\"font-family: \\'Helvetica Neue\\'; mso-bidi-font-family: \\'Helvetica Neue\\'; mso-bidi-font-weight: bold;\\\">Segundo clasificado: Donde M\u00f3nica<\/span><\/p>\n<p class=\\\"MsoNormal\\\" style=\\\"margin-bottom: 0.0001pt; text-align: justify;\\\"><span style=\\\"font-family: \\'Helvetica Neue\\'; mso-bidi-font-family: \\'Helvetica Neue\\'; mso-bidi-font-weight: bold;\\\">Tercer clasificado: Azotea C\u00edrculo Bellas Artes <\/span><\/p>\n<p class=\\\"MsoNormal\\\" style=\\\"margin-bottom: 0.0001pt; text-align: justify;\\\"><em><span style=\\\"font-size: 10.0pt; font-family: \\'Helvetica Neue\\'; mso-bidi-font-family: \\'Helvetica Neue\\'; mso-fareast-language: ES; mso-no-proof: yes;\\\">\u00a0<\/span><\/em><em><span style=\\\"font-size: 10.0pt; font-family: \\'Helvetica Neue\\'; mso-bidi-font-family: \\'Helvetica Neue\\'; mso-fareast-language: ES; mso-no-proof: yes;\\\">Este evento ha sido organizado con el apoyo de Mahou San Miguel y el \u00c1rea de Comercio y Emprendimiento del Ayuntamiento de Madrid.<\/span><\/em><\/p>\n<p><em><span style=\\\"font-size: 10.0pt; font-family: \\'Helvetica Neue\\'; mso-bidi-font-family: \\'Helvetica Neue\\'; mso-fareast-language: ES; mso-no-proof: yes;\\\"><img style=\\\"float: left;\\\" src=\\\"\/images\/public\/source\/COMERCIO\/NOTICIAS\/logo mahou.jpg\\\" alt=\\\"logo mahou\\\" width=\\\"175\\\" height=\\\"56\\\" \/><img style=\\\"display: block; margin-left: auto; margin-right: auto;\\\" src=\\\"\/images\/public\/source\/COMERCIO\/NOTICIAS\/logo madrid.png\\\" alt=\\\"logo madrid\\\" width=\\\"153\\\" height=\\\"52\\\" \/><br \/><\/span><\/em><\/p>\n<p class=\\\"MsoNormal\\\" style=\\\"margin-bottom: 0.0001pt; text-align: justify;\\\"><span style=\\\"font-family: \\'Helvetica Neue\\'; mso-bidi-font-family: \\'Helvetica Neue\\';\\\"><br \/>LA VI\u00d1A<\/span><span style=\\\"font-family: \\'Helvetica Neue\\'; mso-bidi-font-family: \\'Helvetica Neue\\';\\\">: Margarita M\u00edguez \u2013 <\/span><a href=\\\"mailto:mmiguez@hosteleriamadrid.com\\\"><span style=\\\"font-family: \\'Helvetica Neue\\'; mso-bidi-font-family: \\'Helvetica Neue\\';\\\">mmiguez@hosteleriamadrid.com<\/span><\/a><span style=\\\"font-family: \\'Helvetica Neue\\'; mso-bidi-font-family: \\'Helvetica Neue\\';\\\"> \u2013 \u00a091 246 82 88<\/span>Para m\u00e1s informaci\u00f3n o im\u00e1genes en alta resoluci\u00f3n:<\/p>\n<p class=\\\"MsoNormal\\\" style=\\\"margin-bottom: 0.0001pt; text-align: justify;\\\"><span style=\\\"font-family: \\'Helvetica Neue\\'; mso-bidi-font-family: \\'Helvetica Neue\\';\\\">VIVAVOCE Comunicaci\u00f3n: Mar\u00eda Luisa del Amo \u2013 <\/span><a href=\\\"mailto:ml@vivavocecomunicacion.com\\\"><span style=\\\"font-family: \\'Helvetica Neue\\'; mso-bidi-font-family: \\'Helvetica Neue\\';\\\">ml@vivavocecomunicacion.com<\/span><\/a><span style=\\\"font-family: \\'Helvetica Neue\\'; mso-bidi-font-family: \\'Helvetica Neue\\';\\\"> \u2013 649 955 955 <\/span><\/p>\n<p class=\\\"MsoNormal\\\" style=\\\"margin-bottom: 0.0001pt; text-align: justify;\\\"><span style=\\\"font-family: \\'Helvetica Neue\\'; mso-bidi-font-family: \\'Helvetica Neue\\';\\\">\u00a0<\/span><\/p>\n","protected":false},"excerpt":{"rendered":"<p>La terraza del madrile\u00f1o hotel \u00cdndigo fue el marco elegido el mi\u00e9rcoles 14&#8230;<\/p>\n","protected":false},"featured_media":7219,"template":"","meta":{"_acf_changed":false},"categories":[],"noticias":[],"class_list":["post-7218","noticias","type-noticias","status-publish","has-post-thumbnail","hentry"],"acf":[],"_links":{"self":[{"href":"https:\/\/test.madridemprende.anovagroup.es\/en\/wp-json\/wp\/v2\/noticias\/7218"}],"collection":[{"href":"https:\/\/test.madridemprende.anovagroup.es\/en\/wp-json\/wp\/v2\/noticias"}],"about":[{"href":"https:\/\/test.madridemprende.anovagroup.es\/en\/wp-json\/wp\/v2\/types\/noticias"}],"version-history":[{"count":0,"href":"https:\/\/test.madridemprende.anovagroup.es\/en\/wp-json\/wp\/v2\/noticias\/7218\/revisions"}],"wp:featuredmedia":[{"embeddable":true,"href":"https:\/\/test.madridemprende.anovagroup.es\/en\/wp-json\/wp\/v2\/media\/7219"}],"wp:attachment":[{"href":"https:\/\/test.madridemprende.anovagroup.es\/en\/wp-json\/wp\/v2\/media?parent=7218"}],"wp:term":[{"taxonomy":"category","embeddable":true,"href":"https:\/\/test.madridemprende.anovagroup.es\/en\/wp-json\/wp\/v2\/categories?post=7218"},{"taxonomy":"noticias","embeddable":true,"href":"https:\/\/test.madridemprende.anovagroup.es\/en\/wp-json\/wp\/v2\/noticias?post=7218"}],"curies":[{"name":"wp","href":"https:\/\/api.w.org\/{rel}","templated":true}]}}