{"id":7222,"date":"2016-09-16T00:00:00","date_gmt":"2016-09-16T00:00:00","guid":{"rendered":"https:\/\/pre.madridemprende.anovagroup.es\/noticias\/seleccionadas-las-finalistas-premio-emprendedoras-2016\/"},"modified":"2022-06-08T11:25:01","modified_gmt":"2022-06-08T09:25:01","slug":"seleccionadas-las-finalistas-premio-emprendedoras-2016","status":"publish","type":"noticias","link":"https:\/\/test.madridemprende.anovagroup.es\/en\/noticias\/seleccionadas-las-finalistas-premio-emprendedoras-2016\/","title":{"rendered":"Seleccionadas las finalistas Premio Emprendedoras 2016"},"content":{"rendered":"<p style=\\\"text-align: left;\\\">Durante los d\u00edas 15 y 16 de septiembre se ha celebrado en el\u00a0<a href=\\\"\/es\/emprendedores\/espacios-para-emprendedores\/viveros-de-empresas\/Viveros\/ficha\/bd88c882e9b597a6d95b6b67fe83cc62\/\\\">Vivero de Empresas de Puente de Vallecas<\/a>\u00a0la presentaci\u00f3n de proyectos de la sexta edici\u00f3n del\u00a0<a href=\\\"http:\/\/www.madridemprende.com\/es\/emprendedores\/aceleracion-de-empresas\/premio-emprendedoras\\\">Premio Emprendedoras<\/a>, de la mano del Ayuntamiento de Madrid y la revista\u00a0<a href=\\\"http:\/\/www.elmundo.es\/yodona.html\\\" target=\\\"_blank\\\">Yo Dona<\/a>.<\/p>\n<p>El\u00a0<strong>premio\u00a0<\/strong>naci\u00f3 en 2011 con el objetivo de favorecer el emprendimiento femenino, apoyando aquellas ideas emprendedoras protagonizadas por mujeres, y en este impulso ha sido fundamental la colaboraci\u00f3n p\u00fablico privada de\u00a0<a href=\\\"http:\/\/www.womenalia.com\/\\\" target=\\\"_blank\\\">Womenalia<\/a>,\u00a0<a href=\\\"http:\/\/www.bodabook.com\/\\\" target=\\\"_blank\\\">Bodabook<\/a>\u00a0,\u00a0<a href=\\\"http:\/\/www.villanueva.edu\/\\\" target=\\\"_blank\\\">Centro Universitario Villanueva<\/a>,\u00a0<a href=\\\"http:\/\/asecom.org\/\\\" target=\\\"_blank\\\">Asecom<\/a> y\u00a0<a href=\\\"http:\/\/aseme.es\/\\\" target=\\\"_blank\\\">ASEME<\/a>, los cuales tambi\u00e9n han formado parte del jurado.<\/p>\n<p>En esta edici\u00f3n, el premio ha contado con dos categor\u00edas: Premio\u00a0<strong>Idea Emprendedora<\/strong>, dirigido a mujeres con una idea emprendedora que tengan inter\u00e9s en comenzar un proyecto, y\u00a0<strong>Premio<\/strong>\u00a0<strong>Emprendedora<\/strong>, para aquellas que ya cuentan con una empresa en funcionamiento desde hace menos de dos a\u00f1os.<\/p>\n<p><strong>Concha D\u00edaz de Villegas<\/strong>, Directora General de Comercio y Emprendimiento del <a href=\\\"http:\/\/www.madrid.es\/\\\">Ayuntamiento de Madrid<\/a> inaugur\u00f3 la jornada felicitando a todas las participantes, y recalcando que el Premio se enmarca en el \u00c1rea de Equidad, Derechos Sociales y Empleo, ya que el empleo y el emprendimiento es el primero de los derechos sociales. En palabras de la directora \u201c<em>Todas hab\u00e9is ganado porque todas est\u00e1is afrontando ese proyecto de hacer realidad vuestro sue\u00f1o, y sab\u00e9is que si quer\u00e9is, pod\u00e9is<\/em>\u201d.<\/p>\n<p><strong>Isabel Garc\u00eda Zarza<\/strong>, Jefa Nacional y Sociedad de\u00a0<strong>Yo Dona<\/strong>, se enorgulleci\u00f3 de llevar 6 a\u00f1os premiando la pasi\u00f3n y el entusiasmo de las mujeres, y de la fuerza que cada participante pone a su proyecto.<\/p>\n<p>En palabras de<strong> Beatriz Garc\u00eda<\/strong>&#8211;<strong>Quismondo<\/strong>, Directora Comercial de\u00a0<strong>Womenalia<\/strong>\u00a0Espa\u00f1a, la red social de mujeres profesionales, \u201c<em>Los l\u00edmites los ponemos nosotras, y es la pasi\u00f3n lo que nos gu\u00eda. Llegaremos donde queramos<\/em>\u201d. Y <strong>Lourdes Rodr\u00edguez<\/strong>, Events Manager de Womenalia, record\u00f3 la importancia de dar visibilidad al talento femenino.<\/p>\n<p><strong>Eva Serrano<\/strong>, Presidenta de ASEME, y <strong>Carmen Torres<\/strong>, Secretaria general de ASECOM, tambi\u00e9n motivaron a las participantes \u201c<em>mujeres muy valientes por la idea y por intentar lanzarla para conseguir vuestro objetivo\u201d. <\/em>Como concluy\u00f3 Serrano<em>, \u201cQuer\u00e9is, pod\u00e9is y ten\u00e9is que hacerlo<\/em>\u201d.<\/p>\n<p>Durante las dos jornadas, las\u00a0<strong>117 <\/strong><strong>candidatas seleccionadas\u00a0<\/strong>( 77 en \u201cIdea Emprendedora\u201d y 40 en \u201cPremio Emprendedora\u201d) participaron en una competici\u00f3n de\u00a0<em>\\&#8217;elevator pitch\\&#8217;<\/em>, en la que en un minuto y medio contaron al jurado los aspectos diferenciadores e innovadores de su idea. <\/p>\n<p>Puedes consultar aqu\u00ed el <a href=\\\"https:\/\/www.facebook.com\/MadridEmprende\/photos\/?tab=album&#038;album_id=10154418995767165\\\" target=\\\"_blank\\\">\u00e1lbum de fotos<\/a>\u00a0de ambas jornadas.<\/p>\n<p>Tras la deliberaci\u00f3n del jurado, fueron elegidas las cinco finalistas para cada categor\u00eda:<\/p>\n<p>&#8211;\u00a0<strong>Categor\u00eda\u00a0<\/strong><strong>\u201cPremio<\/strong>\u00a0<strong>Emprendedora\u201d<\/strong>, celebrado el jueves 15, para aquellas empresas ya constituidas con un periodo de actividad inferior a dos a\u00f1os:<\/p>\n<ul>\n<li>Raquel Hern\u00e1ndez y Laura Rubio, con <a href=\\\"https:\/\/twitter.com\/a3ceres\\\">A3 CERES<\/a>. Es una asesor\u00eda agroalimentaria con la misi\u00f3n de ayudar al agricultor a afrontar con \u00e9xito el reto al que se enfrenta. Ofrece un servicio integral al agricultor: desde el cultivo inicial (estudio de fertilidad del suelo y seguimiento de productividad), hasta asesor\u00eda en comercializaci\u00f3n, aprovechando las oportunidades de la internacionalizaci\u00f3n. Tiene como elemento innovador una aplicaci\u00f3n inform\u00e1tica desde la que se realiza la gesti\u00f3n.<\/li>\n<li>Laura Lozano, con <a href=\\\"http:\/\/chargy.com\/\\\">Chargy<\/a> Technologies. Proyecto tecnol\u00f3gico muy innovador que consiste en\u00a0un dispositivo de carga inal\u00e1mbrica que interact\u00faa con las personas pensado para instalarse en negocios, oficinas y espacios p\u00fablicos con un dise\u00f1o minimalista y un gran acabado. Gracias a Chargy, la gente no tendr\u00e1 que volver a preocuparse por el nivel de bater\u00eda de sus dispositivos m\u00f3viles en el futuro m\u00e1s pr\u00f3ximo. Se estima que a lo largo del a\u00f1o 2017 se instalar\u00e1n m\u00e1s de 2.000\u00a0ChargyPoints\u00a0en las principales ciudades de Espa\u00f1a.<\/li>\n<li>Mar\u00eda Gamarra, con <a href=\\\"http:\/\/www.anmaraeyewear.com\/\\\">Anmara Eyewear<\/a>.\u00a0Colecci\u00f3n de gafas creadas a partir de materiales naturales como el cuerno y la madera, ofreciendo exclusividad en sus dise\u00f1os y creaciones. Sus colecciones incorporan los m\u00e1s altos est\u00e1ndares de calidad en el mundo de la \u00f3ptica. As\u00ed, Anmara ofrece adem\u00e1s de un complemento, un producto sanitario, dando la importancia que merece al sentido m\u00e1s valorado del cuerpo humano, \u201cla vista\u201d.<\/li>\n<li>Ana Mart\u00ednez-Pita, con <a href=\\\"http:\/\/www.cyjonline.com\\\">Casa &#038; Jardin<\/a>. Tienda de muebles, de objetos de decoraci\u00f3n y de complementos. Su creadora, redescubre la arquitectura en la peque\u00f1a escala que aporta el mueble, conservando el trabajo a mano de verdaderos profesionales artesanos y ofreciendo la posibilidad de customizar cada objeto a trav\u00e9s de la plataforma online. Su intenci\u00f3n es internacionalizar la marca apoy\u00e1ndose en el concepto <em>Made in Spain<\/em> ya que todos sus proveedores son nacionales.<\/li>\n<li>Yolanda Aguirre, con <a href=\\\"http:\/\/thedesman.com\/\\\">The Desman<\/a>. Joyer\u00eda y alta bisuter\u00eda con vocaci\u00f3n medioambiental, creando un mundo con cada pieza que realizan, diculgando y concienciando a la sociedad de las especies amenazadas de flora y fauna utilizando el dise\u00f1o como voz de las especies m\u00e1s vulnerables. Ofreciendo as\u00ed una nueva experiencia en la compra.<\/li>\n<\/ul>\n<p>&#8211;\u00a0<strong>Categor\u00eda\u00a0\u201cIdea Emprendedora\u201d<\/strong>, dirigido a aquellas mujeres que tengan una idea de negocio, proyectos relacionados con el sector servicios, celebrado el viernes 16 de septiembre:<\/p>\n<ul>\n<li>Adriana S\u00e1nchez Arriaga, con <a href=\\\"http:\/\/www.arity.es\/\\\">\u00c1rity<\/a>. Empresa especializada en crear complementos y accesorios de moda a partir de retales de f\u00e1bricas y plata. Estos se pueden desmontar una vez finalizado su ciclo de vida \u00fatil para reciclarse con mayor facilidad y reutilizar la plata. Crea dos colecciones al a\u00f1o y en la creaci\u00f3n de los accesorios utiliza el patronaje de residuos cero.<\/li>\n<li>Eva Ordo\u00f1ez, con MoTours. Empresa de Servicios de Intermediaci\u00f3n Tur\u00edstica y act\u00faa como agencia organizadora de eventos y formaci\u00f3n relacionados con el mundo de la motocicleta. Quiere desarrollar,rutas en moto, de varios d\u00edas, por Espa\u00f1a; formaci\u00f3n de pilotos gu\u00eda para las rutas; eventos especiales como concentraci\u00f3n de motos y rutas ecol\u00f3gicas de un d\u00eda por parajes naturales en motos el\u00e9ctricas. Ofreciendo as\u00ed, experiencias exclusivas a sus clientes, completando las rutas tur\u00edsticas y tem\u00e1ticas en moto con servicios de alojamiento, restauraci\u00f3n y actividades alternativas de ocio.\u00a0<\/li>\n<li>Esther Soler. Dispositivo de tatuaje temporal para la identificaci\u00f3n e informaci\u00f3n de individuos mediante c\u00f3digos QR y\/o chip NFC. El c\u00f3digo posibilita que la informaci\u00f3n que se puede adjuntar sea amplia, ni\u00f1os con una enfermedad rara o poco frecuente y que acuden a un campamento lejos de su domicilio requieren de un sistema r\u00e1pido y \u00e1gil de acceso a sus datos cl\u00ednicos. Cuando se produzca la lectura, el tutor sabr\u00e1 por SMS que se est\u00e1 realizando la lectura del mismo y por geolocalizaci\u00f3n se le mostrar\u00e1 al padre el punto geogr\u00e1fico desde el cual se realiza. Se puede utilizar con ni\u00f1os, ancianos, enfermos mentales.<\/li>\n<li>Luc\u00eda Fern\u00e1ndez. Ofrece a las comunidades de vecinos servicios para el aprovechamiento de terrazas y azoteas. Muchos de los edificios de Madrid cuentan con terrazas u azoteas y la gran mayor\u00eda de ellas no se utilizan para ning\u00fan fin que beneficie a la comunidad de vecinos. La idea consiste en habilitar estos espacios ofreciendo servicios de creaci\u00f3n de huertos urbanos, cines de verano o simplemente adecuaci\u00f3n del espacio para una terraza comunitaria de uso y disfrute de la comunidad.<\/li>\n<li>Tamara Istambul y Cristina Puerta, <a href=\\\"http:\/\/www.autocinesmadrid.es\/\\\">Autocine Madrid<\/a>, ser\u00e1\u00a0el primer autocine de toda Madrid, un espacio en la zona de Chamart\u00edn &#8211; nudo de Manoteras, con capacidad para 350 veh\u00edculos, lo que le convertir\u00e1 en el mayor autocine de Europa. Pantalla gigante de 250 metros cuadrados, proyecci\u00f3n a trav\u00e9s de un equipo digital de \u00faltima tecnolog\u00eda, zona gastron\u00f3mica con food trucks, bar, espacio para hamacas en los meses de verano y fant\u00e1sticas vistas a las 4 torres. La pel\u00edcula se podr\u00e1 escuchar a trav\u00e9s de la radio del coche.<\/li>\n<\/ul>\n<p>Las 10 finalistas tendr\u00e1n dos meses (hasta el 16 de noviembre) para preparar su Plan de Empresa en la sala Yo Dona del mismo Vivero y recibir\u00e1n formaci\u00f3n, ayuda y supervisi\u00f3n de los t\u00e9cnicos de la\u00a0<a href=\\\"\/es\/emprendedores\/espacios-para-emprendedores\/viveros-de-empresas\\\">Red de Viveros del Ayuntamiento de Madrid<\/a>. Ser\u00e1 en diciembre cuando las finalistas se enfrentar\u00e1n en el Demo Day, donde deber\u00e1n demostrar, en tres minutos, que el proyecto est\u00e1 ya maduro.<\/p>\n<p>Las\u00a0ganadoras de ambas categor\u00edas\u00a0ser\u00e1n entrevistadas en la secci\u00f3n Emprendedoras de Yo Dona y en Womenalia, y obtendr\u00e1n un a\u00f1o de estancia en uno<\/p>\n<p>Las ganadoras de ambas categor\u00edas ser\u00e1n entrevistadas en l secci\u00f3n Emprendedoras de Yo Dona y en Womenalia, obtendr\u00e1n un a\u00f1o de estancia en uno de los Espacios de la Red de Viveros del Ayuntamiento de Madrid y el amadrinamiento de una emprendedora de \u00e9xito. ASEME, les ofrecer\u00e1 adem\u00e1s a las dos finalistas un a\u00f1o de cuota de asociadas y asesor\u00eda en lo que necesiten. Adem\u00e1s, la ganadora de la categor\u00eda Premio Emprendedora obtendr\u00e1 una plaza en la\u00a0<a href=\\\"\/es\/emprendedores\/aceleracion-de-empresas\/aceleradora-de-proyectos-de-alto-potencial\\\">Aceleradora de Proyectos de Alto Potencial<\/a>\u00a0del Ayuntamiento de Madrid en la edici\u00f3n de 2017.<\/p>\n<p>Adem\u00e1s, a si la ganadora\/s del premio cuentan con un proyecto relacionado con moda, desde el Ayuntamiento de Madrid se le proporcionar\u00e1 vinculaci\u00f3n y visibilidad con el proyecto <span style=\\\"text-decoration: underline;\\\"><a href=\\\"http:\/\/www.madridcapitaldemoda.com\/\\\">Madrid Capital de Moda<\/a><\/span>, el cual contribuye a poner Madrid en el panorama internacional.<\/p>\n<div style=\\\"text-align: center;\\\"><iframe src=\\\"https:\/\/www.youtube.com\/embed\/ZuXvsRO8bhg\\\" width=\\\"560\\\" height=\\\"315\\\" frameborder=\\\"0\\\" allowfullscreen=\\\"\\\"><\/iframe><\/p>\n<p><a href=\\\"\/images\/public\/source\/noticiaYoDona.pdf\\\" target=\\\"_blank\\\"><img src=\\\"\/images\/public\/source\/noticiaYoDona.png\\\" alt=\\\"noticiaYoDona\\\" width=\\\"644\\\" height=\\\"859\\\" \/><\/a><\/div>\n","protected":false},"excerpt":{"rendered":"<p>Durante los d\u00edas 15 y 16 de septiembre se ha celebrado en el\u00a0Vivero de&#8230;<\/p>\n","protected":false},"featured_media":7223,"template":"","meta":{"_acf_changed":false},"categories":[],"noticias":[],"class_list":["post-7222","noticias","type-noticias","status-publish","has-post-thumbnail","hentry"],"acf":[],"_links":{"self":[{"href":"https:\/\/test.madridemprende.anovagroup.es\/en\/wp-json\/wp\/v2\/noticias\/7222"}],"collection":[{"href":"https:\/\/test.madridemprende.anovagroup.es\/en\/wp-json\/wp\/v2\/noticias"}],"about":[{"href":"https:\/\/test.madridemprende.anovagroup.es\/en\/wp-json\/wp\/v2\/types\/noticias"}],"version-history":[{"count":0,"href":"https:\/\/test.madridemprende.anovagroup.es\/en\/wp-json\/wp\/v2\/noticias\/7222\/revisions"}],"wp:featuredmedia":[{"embeddable":true,"href":"https:\/\/test.madridemprende.anovagroup.es\/en\/wp-json\/wp\/v2\/media\/7223"}],"wp:attachment":[{"href":"https:\/\/test.madridemprende.anovagroup.es\/en\/wp-json\/wp\/v2\/media?parent=7222"}],"wp:term":[{"taxonomy":"category","embeddable":true,"href":"https:\/\/test.madridemprende.anovagroup.es\/en\/wp-json\/wp\/v2\/categories?post=7222"},{"taxonomy":"noticias","embeddable":true,"href":"https:\/\/test.madridemprende.anovagroup.es\/en\/wp-json\/wp\/v2\/noticias?post=7222"}],"curies":[{"name":"wp","href":"https:\/\/api.w.org\/{rel}","templated":true}]}}