{"id":7228,"date":"2016-09-26T00:00:00","date_gmt":"2016-09-26T00:00:00","guid":{"rendered":"https:\/\/pre.madridemprende.anovagroup.es\/noticias\/subvenciones-a-empresas-que-desarrollen-proyectos-de-formacin-con-compromiso-de-contratacin\/"},"modified":"2022-06-08T11:25:00","modified_gmt":"2022-06-08T09:25:00","slug":"subvenciones-a-empresas-que-desarrollen-proyectos-de-formacin-con-compromiso-de-contratacin","status":"publish","type":"noticias","link":"https:\/\/test.madridemprende.anovagroup.es\/en\/noticias\/subvenciones-a-empresas-que-desarrollen-proyectos-de-formacin-con-compromiso-de-contratacin\/","title":{"rendered":"Subvenciones a empresas que desarrollen proyectos de formaci\u00f3n con compromiso de contrataci\u00f3n"},"content":{"rendered":"<p>El jueves d\u00eda 21 de septiembre se public\u00f3 en el <a href=\\\"https:\/\/www.bocm.es\/boletin\/CM_Orden_BOCM\/2016\/09\/21\/BOCM-20160921-44.PDF\\\">Bolet\u00edn Oficial de la Comunidad de Madrid<\/a> la convocatoria p\u00fablica de subvenciones de la Agencia para el Empleo de Madrid a empresas que desarrollen proyectos de formaci\u00f3n con compromiso de contrataci\u00f3n<\/p>\n<p>Puedes consultar <a href=\\\"https:\/\/sede.madrid.es\/sites\/v\/index.jsp?vgnextoid=6a2940ccfc657510VgnVCM1000001d4a900aRCRD&#038;vgnextchannel=f47ea38813180210VgnVCM100000c90da8c0RCRD\\\">aqu\u00ed toda la informaci\u00f3n<\/a> relativa a esta subvenci\u00f3n as\u00ed como realizar el tr\u00e1mite a trav\u00e9s de la <a href=\\\"https:\/\/sede.madrid.es\/portal\/site\/tramites\/menuitem.1044e048d6fe41a7ede6ede684f1a5a0\/?vgnextoid=3375db16cd868410VgnVCM100000171f5a0aRCRD&#038;vgnextchannel=3375db16cd868410VgnVCM100000171f5a0aRCRD&#038;vgnextfmt=default&#038;idContent=6a2940ccfc657510VgnVCM1000001d4a900aRCRD\\\">sede electr\u00f3nica<\/a> del Ayuntamiento de Madrid.<\/p>\n<p>Te resumimos los aspectos m\u00e1s importantes:<\/p>\n<ul>\n<li>Beneficiarios\/as:empresas y asociaciones empresariales que desarrollen proyectos formaci\u00f3n con compromiso de contrataci\u00f3n que favorezcan la integraci\u00f3n sociolaboral.<\/li>\n<li>Objeto: el objeto de la convocatoria es el dise\u00f1o, planificaci\u00f3n y realizaci\u00f3n de proyectos formaci\u00f3n con compromiso de contrataci\u00f3n que favorezcan la integraci\u00f3n sociolaboral de personas inactivas o desempleadas, especialmente a aquellas pertenecientes a colectivos con especiales dificultades de inserci\u00f3n.<\/li>\n<li>Cuant\u00eda: el importe destinado a esta convocatoria asciende a 487.725 euros (cuatrocientos ochenta y siete mil setecientos veinticinco euros).\u00a0El importe m\u00e1ximo a percibir ser\u00e1 de 50.000 euros por proyecto subvencionado.\u00a0El libramiento de la subvenci\u00f3n se efectuar\u00e1 con cargo al presupuesto de 2016, en un pago \u00fanico que tendr\u00e1 car\u00e1cter anticipado del 100%.<\/li>\n<li>Plazo de presentaci\u00f3n de solicitudes: del \u00a022 de septiembre hasta el 8 de octubre de 2016.<\/li>\n<li>Otros datos: se valorar\u00e1n \u00fanicamente aqu\u00e9llos proyectos de formaci\u00f3n con compromiso de contrataci\u00f3n en los que participen un m\u00ednimo de 20 personas con un porcentaje m\u00ednimo del 30% de inserci\u00f3n laboral de las mismas con un contrato laboral de seis meses de duraci\u00f3n m\u00ednima.<\/li>\n<\/ul>\n<p>\u00a0<\/p>\n<p>\u00a0<\/p>\n","protected":false},"excerpt":{"rendered":"<p>El jueves d\u00eda 21 de septiembre se public\u00f3 en el Bolet\u00edn Oficial de la&#8230;<\/p>\n","protected":false},"featured_media":7229,"template":"","meta":{"_acf_changed":false},"categories":[],"noticias":[],"class_list":["post-7228","noticias","type-noticias","status-publish","has-post-thumbnail","hentry"],"acf":[],"_links":{"self":[{"href":"https:\/\/test.madridemprende.anovagroup.es\/en\/wp-json\/wp\/v2\/noticias\/7228"}],"collection":[{"href":"https:\/\/test.madridemprende.anovagroup.es\/en\/wp-json\/wp\/v2\/noticias"}],"about":[{"href":"https:\/\/test.madridemprende.anovagroup.es\/en\/wp-json\/wp\/v2\/types\/noticias"}],"version-history":[{"count":0,"href":"https:\/\/test.madridemprende.anovagroup.es\/en\/wp-json\/wp\/v2\/noticias\/7228\/revisions"}],"wp:featuredmedia":[{"embeddable":true,"href":"https:\/\/test.madridemprende.anovagroup.es\/en\/wp-json\/wp\/v2\/media\/7229"}],"wp:attachment":[{"href":"https:\/\/test.madridemprende.anovagroup.es\/en\/wp-json\/wp\/v2\/media?parent=7228"}],"wp:term":[{"taxonomy":"category","embeddable":true,"href":"https:\/\/test.madridemprende.anovagroup.es\/en\/wp-json\/wp\/v2\/categories?post=7228"},{"taxonomy":"noticias","embeddable":true,"href":"https:\/\/test.madridemprende.anovagroup.es\/en\/wp-json\/wp\/v2\/noticias?post=7228"}],"curies":[{"name":"wp","href":"https:\/\/api.w.org\/{rel}","templated":true}]}}