{"id":7236,"date":"2016-10-05T00:00:00","date_gmt":"2016-10-05T00:00:00","guid":{"rendered":"https:\/\/pre.madridemprende.anovagroup.es\/noticias\/madrid-plaza-mayor-de-las-legumbres\/"},"modified":"2022-06-08T11:25:00","modified_gmt":"2022-06-08T09:25:00","slug":"madrid-plaza-mayor-de-las-legumbres","status":"publish","type":"noticias","link":"https:\/\/test.madridemprende.anovagroup.es\/en\/noticias\/madrid-plaza-mayor-de-las-legumbres\/","title":{"rendered":"Madrid, Plaza Mayor de las Legumbres"},"content":{"rendered":"<p class=\\\"MsoNormal\\\" style=\\\"mso-margin-top-alt: auto; mso-margin-bottom-alt: auto; text-align: justify; text-justify: inter-ideograph;\\\"><span lang=\\\"ES\\\">La emblem\u00e1tica Casa de Panader\u00eda de la Plaza Mayor ser\u00e1 escenario de la presentaci\u00f3n en Espa\u00f1a del libro cuyos <\/span><span lang=\\\"ES\\\">textos, fotos e infograf\u00edas recorren el devenir hist\u00f3rico, actualidad y porvenir de las leguminosas m\u00e1s habituales (frijoles, lentejas, garbanzos, guisantes secos y habas secas). <\/span><\/p>\n<p class=\\\"MsoNormal\\\" style=\\\"text-align: justify; text-justify: inter-ideograph;\\\"><span lang=\\\"ES\\\">La obra divulga las ventajas que ofrecen las legumbres en los \u00e1mbitos de la nutrici\u00f3n, la salud, la seguridad alimentaria, la agricultura sostenible, el medio ambiente y el combate para extinguir el hambre en el mundo. <\/span><\/p>\n<p class=\\\"MsoNormal\\\" style=\\\"text-align: justify; text-justify: inter-ideograph;\\\">El texto, coordinado por la FAO, ha sido realizado por Luis Cepeda y Sa\u00fal Cepeda, dos autores espa\u00f1oles especialistas en alimentaci\u00f3n y gastronom\u00eda. La obra se distribuye en 194 pa\u00edses, con ediciones en\u00a0los seis idiomas oficiales de la FAO (espa\u00f1ol, franc\u00e9s, ingl\u00e9s, \u00e1rabe, ruso y chino) que, igualmente, ser\u00e1n presentadas en el acto.\u00a0<\/p>\n<p class=\\\"MsoNormal\\\" style=\\\"text-align: justify; text-justify: inter-ideograph;\\\"><span lang=\\\"ES\\\">El 2016 como A\u00f1o International de las Legumbres fue proclamado por 68\u00aa Asamblea General de Naciones Unidas y en su presentaci\u00f3n en Madrid participar\u00e1 el<\/span><span lang=\\\"ES\\\" style=\\\"font-family: \\'Times New Roman\\',\\'serif\\'; mso-fareast-language: ES-TRAD;\\\"> director de publicaciones de la Organizaci\u00f3n de las Naciones Unidas para la Alimentaci\u00f3n y la Agricultura (FAO)<\/span><span lang=\\\"ES\\\" style=\\\"font-family: MingLiU; mso-bidi-font-family: MingLiU; mso-fareast-language: ES-TRAD;\\\">, <\/span><span lang=\\\"ES\\\" style=\\\"font-family: \\'Times New Roman\\',\\'serif\\'; mso-fareast-language: ES-TRAD;\\\">Pedro Javaloyes, quien presentar\u00e1 el video oficial del A\u00f1o de las Legumbres dimanado de la realizaci\u00f3n del propio libro.<\/span><\/p>\n<p class=\\\"MsoNormal\\\" style=\\\"mso-margin-top-alt: auto; mso-margin-bottom-alt: auto; text-align: justify; text-justify: inter-ideograph;\\\"><span lang=\\\"ES\\\">La ocasi\u00f3n servir\u00e1 de marco para la presentaci\u00f3n de la actividad <strong>Madrid, Plaza Mayor de las Legumbres <\/strong>por parte del presidente de la <a href=\\\"http:\/\/www.hostelerosplazamayor.com\/\\\"><span style=\\\"color: windowtext;\\\">Asociaci\u00f3n Hosteleros Plaza Mayor<\/span><\/a>, Jos\u00e9 Antonio Aparicio y de la Alcaldesa de Madrid quienes informar\u00e1n de la iniciativa en la que participar\u00e1n hasta 30 restaurantes de diversos distritos madrile\u00f1os, manteniendo \u00a0en su carta durante el oto\u00f1o \u2013su estaci\u00f3n m\u00e1s propicia\u2013 un plato de legumbres personal como especialidad diaria y distintos mercados municipales, con actividades de degustaci\u00f3n y promoci\u00f3n\u00a0 del consumo de legumbres.<\/span><\/p>\n<p class=\\\"MsoNormal\\\" style=\\\"mso-margin-top-alt: auto; mso-margin-bottom-alt: auto; text-align: justify; text-justify: inter-ideograph;\\\"><span lang=\\\"ES\\\">Asimismo informar\u00e1 que, de manera simult\u00e1nea, se emprender\u00e1 en la Plaza Mayor y en diversos mercados municipales una acci\u00f3n humanitaria a la que se convoca a la poblaci\u00f3n para efectuar un acopio de legumbres y recursos alimenticios de todo tipo con destino a un prog<a name=\\\"_GoBack\\\"><\/a>rama municipal de lucha contra el hambre. <\/span><\/p>\n<p class=\\\"MsoNormal\\\" style=\\\"mso-margin-top-alt: auto; mso-margin-bottom-alt: auto; text-align: justify; text-justify: inter-ideograph;\\\"><span lang=\\\"ES\\\">El acto se cerrar\u00e1 con la intervenci\u00f3n de la Alcaldesa de Madrid, Manuela Carmena, y como colof\u00f3n se<\/span><span lang=\\\"ES\\\" style=\\\"font-family: \\'Times New Roman\\',\\'serif\\'; mso-fareast-language: ES-TRAD;\\\"> servir\u00e1 una degustaci\u00f3n de Legumbres,<\/span><span lang=\\\"ES\\\" style=\\\"font-family: \\'Times New Roman\\',\\'serif\\'; mso-fareast-language: ES-TRAD;\\\">en formato de Tapa, efectuada por establecimientos de la Plaza Mayor y acompa\u00f1ada de vinos de Madrid.<\/span><\/p>\n<p class=\\\"MsoNormal\\\" style=\\\"mso-margin-top-alt: auto; mso-margin-bottom-alt: auto; text-align: justify; text-justify: inter-ideograph;\\\"><span lang=\\\"ES\\\" style=\\\"font-family: \\'Times New Roman\\',\\'serif\\'; mso-fareast-language: ES-TRAD;\\\">La informaci\u00f3n detallada de las distintas actividades desarrolladas a lo largo de los pr\u00f3ximos meses puede consultarse en App hostelerosplazamayor (<a href=\\\"http:\/\/app.hostelerosplazamayor.com\/\\\"><span style=\\\"color: windowtext;\\\">IOs y ANDROID<\/span><\/a>) en la web <\/span><span lang=\\\"ES\\\"><a href=\\\"http:\/\/www.hostelerosplazamayor.com\/\\\"><span style=\\\"font-family: \\'Times New Roman\\',\\'serif\\'; color: windowtext; mso-fareast-language: ES-TRAD;\\\">www.hostelerosplazamayor.com<\/span><\/a><\/span><span lang=\\\"ES\\\" style=\\\"font-family: \\'Times New Roman\\',\\'serif\\'; mso-fareast-language: ES-TRAD;\\\"> y en la web <\/span><span lang=\\\"ES\\\"><a href=\\\"\/\\\"><span style=\\\"font-family: \\'Times New Roman\\',\\'serif\\'; color: windowtext; mso-fareast-language: ES-TRAD;\\\">www.madridemprende.es<\/span><\/a><\/span><\/p>\n<p class=\\\"MsoNormal\\\" style=\\\"mso-margin-top-alt: auto; mso-margin-bottom-alt: auto; text-align: justify; text-justify: inter-ideograph;\\\">\u00a0<\/p>\n","protected":false},"excerpt":{"rendered":"<p>La emblem\u00e1tica Casa de Panader\u00eda de la Plaza Mayor ser\u00e1 escenario de la&#8230;<\/p>\n","protected":false},"featured_media":7237,"template":"","meta":{"_acf_changed":false},"categories":[],"noticias":[],"class_list":["post-7236","noticias","type-noticias","status-publish","has-post-thumbnail","hentry"],"acf":[],"_links":{"self":[{"href":"https:\/\/test.madridemprende.anovagroup.es\/en\/wp-json\/wp\/v2\/noticias\/7236"}],"collection":[{"href":"https:\/\/test.madridemprende.anovagroup.es\/en\/wp-json\/wp\/v2\/noticias"}],"about":[{"href":"https:\/\/test.madridemprende.anovagroup.es\/en\/wp-json\/wp\/v2\/types\/noticias"}],"version-history":[{"count":0,"href":"https:\/\/test.madridemprende.anovagroup.es\/en\/wp-json\/wp\/v2\/noticias\/7236\/revisions"}],"wp:featuredmedia":[{"embeddable":true,"href":"https:\/\/test.madridemprende.anovagroup.es\/en\/wp-json\/wp\/v2\/media\/7237"}],"wp:attachment":[{"href":"https:\/\/test.madridemprende.anovagroup.es\/en\/wp-json\/wp\/v2\/media?parent=7236"}],"wp:term":[{"taxonomy":"category","embeddable":true,"href":"https:\/\/test.madridemprende.anovagroup.es\/en\/wp-json\/wp\/v2\/categories?post=7236"},{"taxonomy":"noticias","embeddable":true,"href":"https:\/\/test.madridemprende.anovagroup.es\/en\/wp-json\/wp\/v2\/noticias?post=7236"}],"curies":[{"name":"wp","href":"https:\/\/api.w.org\/{rel}","templated":true}]}}