{"id":7238,"date":"2016-10-06T00:00:00","date_gmt":"2016-10-06T00:00:00","guid":{"rendered":"https:\/\/pre.madridemprende.anovagroup.es\/noticias\/el-mercado-de-antn-martn-celebra-su-75-aniversario\/"},"modified":"2022-06-08T11:24:59","modified_gmt":"2022-06-08T09:24:59","slug":"el-mercado-de-antn-martn-celebra-su-75-aniversario","status":"publish","type":"noticias","link":"https:\/\/test.madridemprende.anovagroup.es\/en\/noticias\/el-mercado-de-antn-martn-celebra-su-75-aniversario\/","title":{"rendered":"El Mercado de Ant\u00f3n Mart\u00edn celebra su 75 aniversario"},"content":{"rendered":"<div>\n<p style=\\\"text-align: justify;\\\">En la fiestas que comienzan el 6 de octubre se desarrollar\u00e1 un completo programa de actividades que incluye talleres de nutrici\u00f3n, actuaciones musicales, degustaci\u00f3n de los productos ofrecidos por los puestos de los mercados, todo ello en un entorno en el que se funden a la perfecci\u00f3n tradici\u00f3n e innovaci\u00f3n, donde junto a los puestos tradicionales y de toda la vida podemos encontrar propuestas innovadoras y atractivas.<\/p>\n<p>La Alcaldesa de Madrid ha querido felicitar al\u00a0<a href=\\\"http:\/\/www.mercadoantonmartin.com\/\\\" target=\\\"_blank\\\" data-saferedirecturl=\\\"https:\/\/www.google.com\/url?hl=es&#038;q=http:\/\/www.mercadoantonmartin.com\/&#038;source=gmail&#038;ust=1475907398046000&#038;usg=AFQjCNEZFoSTA3OiIHKruSXS3N75fay0LA\\\">mercado de Ant\u00f3n Mart\u00edn<\/a>\u00a0por su larga trayectoria a trav\u00e9s de este video-mensaje.<\/p>\n<p><iframe style=\\\"text-align: center;\\\" src=\\\"https:\/\/www.youtube.com\/embed\/tM_1fb8JAx0\\\" width=\\\"560\\\" height=\\\"315\\\" frameborder=\\\"0\\\" allowfullscreen=\\\"allowfullscreen\\\"><\/iframe><\/p>\n<\/div>\n<div>\n<div style=\\\"text-align: center;\\\">\n<p style=\\\"text-align: justify;\\\">Al arranque de las fiestas por el 75 aniversario han asistido numerosas personalidades institucionales, como\u00a0<span style=\\\"text-align: center;\\\">Concepci\u00f3n D\u00edaz de Villegas Solans, Directora General de Comercio y Emprendimiento del\u00a0<\/span><a style=\\\"text-align: center;\\\" href=\\\"\/NdSite\/Ctrl\/CMS\/displayPageContent\/ce3ef279d2f81b58a8ee81619765eab3\/086d10e47bf29098d8d659cc16486503\/NewsModule\/newNews\/madrid.org\\\" target=\\\"_blank\\\" data-saferedirecturl=\\\"https:\/\/www.google.com\/url?hl=es&#038;q=https:\/\/pre.madridemprende.anovagroup.es\/NdSite\/Ctrl\/CMS\/displayPageContent\/ce3ef279d2f81b58a8ee81619765eab3\/086d10e47bf29098d8d659cc16486503\/NewsModule\/newNews\/madrid.org&#038;source=gmail&#038;ust=1475907398046000&#038;usg=AFQjCNEGTxMcCowUjbTO-pw9k_I_yfenyw\\\">Ayuntamiento de Madrid<\/a>,\u00a0Jorge Garc\u00eda Casta\u00f1o, Concejal de los Distritos de Centro y Chamber\u00ed del\u00a0<a href=\\\"http:\/\/www.madrid.es\/\\\" target=\\\"_blank\\\" data-saferedirecturl=\\\"https:\/\/www.google.com\/url?hl=es&#038;q=http:\/\/www.madrid.es\/&#038;source=gmail&#038;ust=1475907398046000&#038;usg=AFQjCNGUjJdghvIA5nfLSlrP-5JOtjkofg\\\">Ayuntamiento de Madrid<\/a>,\u00a0y\u00a0Mar\u00eda Jos\u00e9 P\u00e9rez-Cejuela, Directora General de\u00a0<a href=\\\"http:\/\/www.madrid.org\/cs\/Satellite?c=CM_Agrupador_FP&#038;cid=1109266227118&#038;idConsejeria=1109266187242&#038;idListConsj=1109265444710&#038;idOrganismo=1109266227118&#038;pagename=ComunidadMadrid\/Estructura\\\" target=\\\"_blank\\\" data-saferedirecturl=\\\"https:\/\/www.google.com\/url?hl=es&#038;q=http:\/\/www.madrid.org\/cs\/Satellite?c%3DCM_Agrupador_FP%26cid%3D1109266227118%26idConsejeria%3D1109266187242%26idListConsj%3D1109265444710%26idOrganismo%3D1109266227118%26pagename%3DComunidadMadrid\/Estructura&#038;source=gmail&#038;ust=1475907398046000&#038;usg=AFQjCNFn2UdhoiolpDVuvGI_NAwgxWye7A\\\">Comercio y Consumo de la Comunidad de Madrid<\/a>, del mundo de\u00a0la gastronom\u00eda como el Chef con dos estrellas Michel\u00edn\u00a0<a href=\\\"http:\/\/restaurantecoque.com\/es\/\\\" target=\\\"_blank\\\" data-saferedirecturl=\\\"https:\/\/www.google.com\/url?hl=es&#038;q=http:\/\/restaurantecoque.com\/es\/&#038;source=gmail&#038;ust=1475907398046000&#038;usg=AFQjCNH-MUxluYJKNw_1QMFRYvs5_T7UcA\\\">Mario Sandoval<\/a>, adem\u00e1s de los propios\u00a0comerciantes y nuemerosos clientes, entre los que se encontraba la actriz Manuela Velasco, que no han querido perder la ocasi\u00f3n de celebrar estos 75 a\u00f1os del mercado.<\/p>\n<p style=\\\"text-align: justify;\\\">La Directora General de Comercio y Emprendimiento del Ayuntamiento de Madrid ha remarcado el papel de los\u00a0<a href=\\\"\/es\/mercados\/mercados-de-madrid\\\" target=\\\"_blank\\\" data-saferedirecturl=\\\"https:\/\/www.google.com\/url?hl=es&#038;q=https:\/\/pre.madridemprende.anovagroup.es\/es\/mercados\/mercados-de-madrid&#038;source=gmail&#038;ust=1475907398046000&#038;usg=AFQjCNHcjUAp9ndI2zNJTM3lUQkmn2dHwA\\\">Mercados de Madrid<\/a>\u00a0como eje vertebrador de la ciudad de Madrid, y ha felicitado al Mercado de Ant\u00f3n Mart\u00edn por toda una vida por y para sus clientes y por su gran implicaci\u00f3n en su modernizaci\u00f3n, como\u00a0lo demuestra con\u00a0su alta participaci\u00f3n en\u00a0<a href=\\\"http:\/\/www.mercado47.com\/\\\" target=\\\"_blank\\\" data-saferedirecturl=\\\"https:\/\/www.google.com\/url?hl=es&#038;q=http:\/\/www.mercado47.com\/&#038;source=gmail&#038;ust=1475907398046000&#038;usg=AFQjCNHeghuAkB7jkdqkNqoOXpvhP0OnLg\\\">Mercado47<\/a>\u00a0y en la app\u00a0<a href=\\\"http:\/\/mercamad.com\/\\\" target=\\\"_blank\\\" data-saferedirecturl=\\\"https:\/\/www.google.com\/url?hl=es&#038;q=http:\/\/mercamad.com\/&#038;source=gmail&#038;ust=1475907398046000&#038;usg=AFQjCNE_2qLibdXhyEgZTgKEgMB7vdm9_Q\\\">Mercamad<\/a>.<\/p>\n<p>El mercado de Ant\u00f3n Mart\u00edn desde que abri\u00f3 sus puertas en 1941, ha ido evolucionando y adapt\u00e1ndose \u00a0a los nuevos usos de los consumidores. Actualmente cuenta con unos 80 puestos modernos pero cargados de historia.\u00a0Establecimientos tradicionales de alimentaci\u00f3n junto a tiendas de nuevo cu\u00f1o especializadas, entre ellos restaurantes, cafeter\u00edas, pescader\u00edas, panader\u00edas, carnicer\u00edas. A ello se suman las obras de adaptaci\u00f3n y modernizaci\u00f3n de sus instalaciones conforme a criterios de confortabilidad y accesibilidad universal.<\/p>\n<p>Para m\u00e1s informaci\u00f3n sobre el programa de actividades\u00a0<a href=\\\"http:\/\/www.mercadoantonmartin.com\/?page_id=3170&#038;preview=true\\\" target=\\\"_blank\\\" data-saferedirecturl=\\\"https:\/\/www.google.com\/url?hl=es&#038;q=http:\/\/www.mercadoantonmartin.com\/?page_id%3D3170%26preview%3Dtrue&#038;source=gmail&#038;ust=1475907398046000&#038;usg=AFQjCNEKsgptVYzhNOH40elfGP0SgQ9bkQ\\\">pincha aqui<\/a>\u00a0\u00a1Ap\u00fantate y vente a celebrar los 75 a\u00f1os del mercado de Ant\u00f3n Mart\u00edn, siempre contigo!<\/p>\n<\/div>\n<\/div>\n","protected":false},"excerpt":{"rendered":"<p>En la fiestas que comienzan el 6 de octubre se desarrollar\u00e1 un completo&#8230;<\/p>\n","protected":false},"featured_media":7239,"template":"","meta":{"_acf_changed":false},"categories":[],"noticias":[],"class_list":["post-7238","noticias","type-noticias","status-publish","has-post-thumbnail","hentry"],"acf":[],"_links":{"self":[{"href":"https:\/\/test.madridemprende.anovagroup.es\/en\/wp-json\/wp\/v2\/noticias\/7238"}],"collection":[{"href":"https:\/\/test.madridemprende.anovagroup.es\/en\/wp-json\/wp\/v2\/noticias"}],"about":[{"href":"https:\/\/test.madridemprende.anovagroup.es\/en\/wp-json\/wp\/v2\/types\/noticias"}],"version-history":[{"count":0,"href":"https:\/\/test.madridemprende.anovagroup.es\/en\/wp-json\/wp\/v2\/noticias\/7238\/revisions"}],"wp:featuredmedia":[{"embeddable":true,"href":"https:\/\/test.madridemprende.anovagroup.es\/en\/wp-json\/wp\/v2\/media\/7239"}],"wp:attachment":[{"href":"https:\/\/test.madridemprende.anovagroup.es\/en\/wp-json\/wp\/v2\/media?parent=7238"}],"wp:term":[{"taxonomy":"category","embeddable":true,"href":"https:\/\/test.madridemprende.anovagroup.es\/en\/wp-json\/wp\/v2\/categories?post=7238"},{"taxonomy":"noticias","embeddable":true,"href":"https:\/\/test.madridemprende.anovagroup.es\/en\/wp-json\/wp\/v2\/noticias?post=7238"}],"curies":[{"name":"wp","href":"https:\/\/api.w.org\/{rel}","templated":true}]}}