{"id":7244,"date":"2016-10-17T00:00:00","date_gmt":"2016-10-17T00:00:00","guid":{"rendered":"https:\/\/pre.madridemprende.anovagroup.es\/noticias\/retail-disruption-show-2016\/"},"modified":"2022-06-08T11:24:59","modified_gmt":"2022-06-08T09:24:59","slug":"retail-disruption-show-2016","status":"publish","type":"noticias","link":"https:\/\/test.madridemprende.anovagroup.es\/en\/noticias\/retail-disruption-show-2016\/","title":{"rendered":"Retail Disruption Show 2016"},"content":{"rendered":"<p style=\\\"text-align: justify; line-height: 150%;\\\"><strong><span lang=\\\"ES\\\" style=\\\"font-family: Arial, sans-serif; font-weight: normal;\\\">Nos encontramos ante un <\/span><\/strong><em><span lang=\\\"ES\\\" style=\\\"font-family: Arial, sans-serif; font-style: normal;\\\">cambio de \u00e9poca<\/span><\/em><strong><span lang=\\\"ES\\\" style=\\\"font-family: Arial, sans-serif; font-weight: normal;\\\"> en la que\u00a0<\/span><\/strong><em><span lang=\\\"ES\\\" style=\\\"font-family: Arial, sans-serif; font-style: normal;\\\">nada volver\u00e1 a ser lo que era. <\/span><\/em><span lang=\\\"ES\\\" style=\\\"font-family: Arial, sans-serif;\\\">Asistimos a<em><span style=\\\"font-family: \\'Arial\\',\\'sans-serif\\'; mso-bidi-font-weight: bold; font-style: normal; mso-bidi-font-style: italic;\\\">\u201cuna realidad comercial en disruptiva evoluci\u00f3n\u201d,<\/span><\/em>en la que cada vez participan m\u00e1s jugadores, con nuevos h\u00e1bitos y perfiles de consumidor, que demanda la adopci\u00f3n de nuevas propuestas de oferta.\u00a0 Ello exige a los comerciantes <em><span style=\\\"font-family: \\'Arial\\',\\'sans-serif\\'; mso-bidi-font-weight: bold; font-style: normal; mso-bidi-font-style: italic;\\\">hacer las cosas de una forma diferente<\/span><\/em><em><span style=\\\"font-family: \\'Arial\\',\\'sans-serif\\'; mso-bidi-font-weight: bold;\\\">. <\/span><\/em>Un sector, el del comercio, que ya no es <em><span style=\\\"font-family: \\'Arial\\',\\'sans-serif\\';\\\">\u201con\u201d<\/span><\/em>, ni tampoco <em><span style=\\\"font-family: \\'Arial\\',\\'sans-serif\\';\\\">\u201coff\u201d. <\/span><\/em>Es <em><span style=\\\"font-family: \\'Arial\\',\\'sans-serif\\';\\\">Omnicanal<\/span><\/em>; est\u00e1 donde el cliente quiere que est\u00e9, a trav\u00e9s de las tiendas f\u00edsicas y del comercio <em>online<\/em>.<\/span><span style=\\\"font-family: Arial, sans-serif; line-height: 150%;\\\">\u00a0<\/span><\/p>\n<p style=\\\"text-align: justify; line-height: 150%;\\\"><span lang=\\\"ES\\\" style=\\\"font-family: Arial, sans-serif;\\\">En este contexto son muchos los <em>retailers<\/em> que han desarrollado su propia aventura, consiguiendo ser protagonistas de \u201cese cambio de \u00e9poca\u201d, con grandes dosis de pasi\u00f3n, creatividad, riesgo e innovaci\u00f3n.<\/span>\u00a0<\/p>\n<p style=\\\"text-align: justify; line-height: 150%;\\\"><strong><span lang=\\\"ES\\\" style=\\\"font-family: Arial, sans-serif; font-weight: normal;\\\">Cinco de esos aventureros han contado y compartido su historia en <\/span><\/strong><strong><span lang=\\\"ES\\\" style=\\\"font-family: Arial, sans-serif;\\\">Retail Disruption Show, <em>\u201cComercios Diferentes, Construyendo Ciudades Memorables\u201d, \u00a0<\/em><\/span><\/strong><strong><span lang=\\\"ES\\\" style=\\\"font-family: Arial, sans-serif; font-weight: normal;\\\">evento celebrado el pasado d\u00eda 27 de octubre <\/span><\/strong><strong><span lang=\\\"ES\\\" style=\\\"font-family: Arial, sans-serif; font-weight: normal;\\\">en la sede de la Direcci\u00f3n General de Comercio y Emprendimiento del Ayuntamiento de Madrid<\/span><\/strong><span lang=\\\"ES\\\" style=\\\"font-family: Arial, sans-serif;\\\"> (Calle Pr\u00edncipe de Vergara, 140 Planta Baja \u2013 Madrid).<\/span>\u00a0<\/p>\n<p style=\\\"text-align: justify; line-height: 150%;\\\"><span lang=\\\"ES\\\" style=\\\"font-family: Arial, sans-serif;\\\">El evento cont\u00f3 con la colaboraci\u00f3n de \u00a0ACOTEX, ADEPESCA, FEDECARNE, Madrid School of Marketing y Vodafone.<\/span><strong><span lang=\\\"ES\\\" style=\\\"font-family: Arial, sans-serif; font-weight: normal;\\\">\u00a0<\/span><\/strong><\/p>\n<p><strong><span lang=\\\"ES\\\" style=\\\"font-family: Arial, sans-serif; font-weight: normal;\\\">Los cinco <em>retailers<\/em> aventureros son:<\/span><\/strong>\u00a0<\/p>\n<p><span lang=\\\"ES\\\" style=\\\"font-family: Arial, sans-serif;\\\">&#8211; <strong><span style=\\\"font-family: \\'Arial\\',\\'sans-serif\\'; font-weight: normal; mso-bidi-font-weight: bold;\\\">Javier Andreu,<\/span><\/strong>fundador de El Paracaidista <br \/> &#8211; <strong><span style=\\\"font-family: \\'Arial\\',\\'sans-serif\\'; font-weight: normal; mso-bidi-font-weight: bold;\\\">V\u00edctor Jim\u00e9nez<\/span><\/strong><strong><span style=\\\"font-family: \\'Arial\\',\\'sans-serif\\';\\\">,<\/span><\/strong> fundador y propietario de CARNIco<br \/> <strong>&#8211;<\/strong><strong><span style=\\\"font-family: \\'Arial\\',\\'sans-serif\\'; font-weight: normal; mso-bidi-font-weight: bold;\\\"> Jos\u00e9 Antonio O\u00f1ate,<\/span><\/strong><strong>\u00a0 <\/strong>propietario de Pescader\u00eda O\u00f1ate<\/span><br \/><span lang=\\\"ES\\\" style=\\\"font-family: Arial, sans-serif;\\\">&#8211; <strong><span style=\\\"font-family: \\'Arial\\',\\'sans-serif\\'; font-weight: normal; mso-bidi-font-weight: bold;\\\">Hilario Alfaro Jr.,<\/span><\/strong>\u00a0Gerente de Alfaro 1926<br \/> <strong><span style=\\\"font-family: \\'Arial\\',\\'sans-serif\\';\\\">&#8211; <\/span><\/strong><strong><span style=\\\"font-family: \\'Arial\\',\\'sans-serif\\'; font-weight: normal; mso-bidi-font-weight: bold;\\\">David Hern\u00e1ndez<\/span><\/strong>, CEO de Pangea The Travel Store<\/span>\u00a0<\/p>\n<p style=\\\"text-align: justify; line-height: 150%;\\\"><span lang=\\\"ES\\\" style=\\\"font-family: Arial, sans-serif;\\\"><a href=\\\"\/images\/public\/source\/COMERCIO\/NOTICIAS\/Programa%20Retail Disruption.pdf\\\" target=\\\"_blank\\\">Programa del evento<\/a>.<\/span><\/p>\n<p style=\\\"text-align: justify; line-height: 150%;\\\"><span lang=\\\"ES\\\">\u00a0<\/span><\/p>\n<p class=\\\"MsoNormal\\\"><span lang=\\\"ES\\\" style=\\\"font-size: 10.0pt; font-family: \\'Verdana\\',\\'sans-serif\\';\\\">\u00a0<\/span><\/p>\n<p class=\\\"MsoNormal\\\"><span lang=\\\"ES\\\" style=\\\"font-size: 10.0pt; font-family: \\'Verdana\\',\\'sans-serif\\';\\\">\u00a0<\/span><\/p>\n","protected":false},"excerpt":{"rendered":"<p>Nos encontramos ante un cambio de \u00e9poca en la que\u00a0nada volver\u00e1 a ser lo que&#8230;<\/p>\n","protected":false},"featured_media":7245,"template":"","meta":{"_acf_changed":false},"categories":[],"noticias":[],"class_list":["post-7244","noticias","type-noticias","status-publish","has-post-thumbnail","hentry"],"acf":[],"_links":{"self":[{"href":"https:\/\/test.madridemprende.anovagroup.es\/en\/wp-json\/wp\/v2\/noticias\/7244"}],"collection":[{"href":"https:\/\/test.madridemprende.anovagroup.es\/en\/wp-json\/wp\/v2\/noticias"}],"about":[{"href":"https:\/\/test.madridemprende.anovagroup.es\/en\/wp-json\/wp\/v2\/types\/noticias"}],"version-history":[{"count":0,"href":"https:\/\/test.madridemprende.anovagroup.es\/en\/wp-json\/wp\/v2\/noticias\/7244\/revisions"}],"wp:featuredmedia":[{"embeddable":true,"href":"https:\/\/test.madridemprende.anovagroup.es\/en\/wp-json\/wp\/v2\/media\/7245"}],"wp:attachment":[{"href":"https:\/\/test.madridemprende.anovagroup.es\/en\/wp-json\/wp\/v2\/media?parent=7244"}],"wp:term":[{"taxonomy":"category","embeddable":true,"href":"https:\/\/test.madridemprende.anovagroup.es\/en\/wp-json\/wp\/v2\/categories?post=7244"},{"taxonomy":"noticias","embeddable":true,"href":"https:\/\/test.madridemprende.anovagroup.es\/en\/wp-json\/wp\/v2\/noticias?post=7244"}],"curies":[{"name":"wp","href":"https:\/\/api.w.org\/{rel}","templated":true}]}}