{"id":7268,"date":"2016-11-17T00:00:00","date_gmt":"2016-11-17T00:00:00","guid":{"rendered":"https:\/\/pre.madridemprende.anovagroup.es\/noticias\/gran-xito-del-ii-saln-emprende-plus\/"},"modified":"2022-06-08T11:24:56","modified_gmt":"2022-06-08T09:24:56","slug":"gran-xito-del-ii-saln-emprende-plus","status":"publish","type":"noticias","link":"https:\/\/test.madridemprende.anovagroup.es\/en\/noticias\/gran-xito-del-ii-saln-emprende-plus\/","title":{"rendered":"Gran \u00e9xito del II Sal\u00f3n Emprende Plus"},"content":{"rendered":"<p>El pasado 16 de noviembre el <a href=\\\"\/es\/emprendedores\/espacios-para-emprendedores\/viveros-de-empresas\/Viveros\/ficha\/4728d57df9ddd693aebc6893018681e3\\\">Vivero de Carabanchel<\/a>\u00a0acogi\u00f3 el II Sal\u00f3n Emprende Plus organizado por la <a href=\\\"http:\/\/www.fmujeresprogresistas.org\/es\/\\\">Federaci\u00f3n de Mujeres Progresistas<\/a>.<\/p>\n<p>El networking fue el gran protagonista de la jornada, el cual se altern\u00f3 con ponencias sobre emprendimiento y marketing digital.<\/p>\n<p>Concha D\u00edaz de Villegas, Directora General de Comercio y Emprendimiento del Ayuntamiento de Madrid, quiso acercar <a href=\\\"http:\/\/www.mercado47.com\/\\\">Mercado 47<\/a> a todas las emprendedoras y nuevas empresarias all\u00ed reunidas, una herramienta que deja a un click de distancia a los comercios madrile\u00f1os del cliente final. Una soluci\u00f3n sencilla a la brecha digital que muchas veces se crean entre los negocios que cuentan con un e-commerce de los que no.<\/p>\n<p>Todas las asistentes tuvieron la oportunidad de dar a conocer su proyecto de negocio, ya estuviera constituido o a\u00fan en fase embrionaria.<\/p>\n<p>Muchos de los negocios ya en funcionamiento dispusieron peque\u00f1os stands donde mostraron su proyecto empresarial. Uno de esos stands estaba liderado por <a href=\\\"http:\/\/cadenadevalor.es\/\\\">Cadena Valor<\/a>, empresa social que hace de puente entre empresas y asociaciones de servicios dirigidos a personas con discapacidad dependientes; se trata de una de las empresas alojadas en la Red de Vivero de Empresas. \u00a0<\/p>\n<p>Desde <a href=\\\"http:\/\/www.madrid.es\/portal\/site\/munimadrid\\\">Ayuntamiento de Madrid<\/a> se muestra un gran apoyo a este tipo de actividades, que re\u00fanen emprendedoras en un punto del camino empresarial similar, creando una sinergia de conocimientos, ayud\u00e1ndolas a crecer y a hacer el camino m\u00e1s f\u00e1cil.<\/p>\n<p>Accede a la galer\u00eda de im\u00e1genes:<a href=\\\"https:\/\/www.facebook.com\/pg\/MadridEmprende\/photos\/?tab=album&#038;album_id=10154600217157165\\\" target=\\\"_blank\\\"> II Edici\u00f3n del Sal\u00f3n Emprende Plus.<\/a><\/p>\n","protected":false},"excerpt":{"rendered":"<p>El pasado 16 de noviembre el Vivero de Carabanchel\u00a0acogi\u00f3 el II Sal\u00f3n&#8230;<\/p>\n","protected":false},"featured_media":7269,"template":"","meta":{"_acf_changed":false},"categories":[],"noticias":[],"class_list":["post-7268","noticias","type-noticias","status-publish","has-post-thumbnail","hentry"],"acf":[],"_links":{"self":[{"href":"https:\/\/test.madridemprende.anovagroup.es\/en\/wp-json\/wp\/v2\/noticias\/7268"}],"collection":[{"href":"https:\/\/test.madridemprende.anovagroup.es\/en\/wp-json\/wp\/v2\/noticias"}],"about":[{"href":"https:\/\/test.madridemprende.anovagroup.es\/en\/wp-json\/wp\/v2\/types\/noticias"}],"version-history":[{"count":0,"href":"https:\/\/test.madridemprende.anovagroup.es\/en\/wp-json\/wp\/v2\/noticias\/7268\/revisions"}],"wp:featuredmedia":[{"embeddable":true,"href":"https:\/\/test.madridemprende.anovagroup.es\/en\/wp-json\/wp\/v2\/media\/7269"}],"wp:attachment":[{"href":"https:\/\/test.madridemprende.anovagroup.es\/en\/wp-json\/wp\/v2\/media?parent=7268"}],"wp:term":[{"taxonomy":"category","embeddable":true,"href":"https:\/\/test.madridemprende.anovagroup.es\/en\/wp-json\/wp\/v2\/categories?post=7268"},{"taxonomy":"noticias","embeddable":true,"href":"https:\/\/test.madridemprende.anovagroup.es\/en\/wp-json\/wp\/v2\/noticias?post=7268"}],"curies":[{"name":"wp","href":"https:\/\/api.w.org\/{rel}","templated":true}]}}