{"id":7270,"date":"2016-11-18T00:00:00","date_gmt":"2016-11-18T00:00:00","guid":{"rendered":"https:\/\/pre.madridemprende.anovagroup.es\/noticias\/as-fue-la-feria-de-empleo-en-la-era-digital-2016\/"},"modified":"2022-06-08T11:24:56","modified_gmt":"2022-06-08T09:24:56","slug":"as-fue-la-feria-de-empleo-en-la-era-digital-2016","status":"publish","type":"noticias","link":"https:\/\/test.madridemprende.anovagroup.es\/en\/noticias\/as-fue-la-feria-de-empleo-en-la-era-digital-2016\/","title":{"rendered":"As\u00ed fue la Feria de Empleo en la Era Digital 2016"},"content":{"rendered":"<p>La <a href=\\\"http:\/\/feriadelempleo.es\/\\\">Feria del Empleo en la Era Digital<\/a> (<a href=\\\"#FEED2016\\\">#FEED16<\/a>) reuni\u00f3 a cerca de 2.000 profesionales del marketing y recursos humanos, cientos de emprendedores y m\u00e1s de 3.000 candidatos en estado de b\u00fasqueda de empleo en el sector tecnol\u00f3gico digital.<\/p>\n<p>M\u00e1s de 200 empresas, de la talla de <a href=\\\"http:\/\/www.vodafone.es\/particulares\/es\/\\\">Vodafone<\/a> o <a href=\\\"https:\/\/www2.deloitte.com\/es\/es.html\\\">Deloitte <\/a>\u00a0participaron en FEED 2016 con el fin de encontrar nuevos talentos.<\/p>\n<p>Las m\u00e1s de 100 ponencias ba\u00f1aron el entorno de networking a lo largo de largo de las jornadas de profesionales y candidatos.<\/p>\n<p>La <a href=\\\"\/es\/quienes-somos\\\">D.G. de Comercio y Emprendimiento<\/a> estuvo presente una vez m\u00e1s mediante un stand donde los asistentes a la Feria pudieron encontrar informaci\u00f3n sobre todos los servicios de apoyo al emprendimiento que oferta el <a href=\\\"http:\/\/www.madrid.es\/portal\/site\/munimadrid\\\">Ayuntamiento de Madrid<\/a>.<\/p>\n<p>Cualquiera que se acercara al stand, pod\u00eda acceder a informaci\u00f3n sobre la <a href=\\\"\/es\/emprendedores\/espacios-para-emprendedores\/viveros-de-empresas\\\">Red de Viveros<\/a>\u00a0 as\u00ed como los servicios que ofrecen como son los espacios de coworking o asesoramiento.<\/p>\n<p>Fue un gran \u00e9xito la acogida que tuvimos, m\u00e1s de cien personas se interesaron por los servicios municipales de apoyo a los emprendedores.<\/p>\n<p>Accede a la galer\u00eda de fotos:\u00a0<a href=\\\"https:\/\/www.facebook.com\/pg\/MadridEmprende\/photos\/?tab=album&#038;album_id=10154600179432165\\\" target=\\\"_blank\\\">FEED 2016<\/a><\/p>\n","protected":false},"excerpt":{"rendered":"<p>La Feria del Empleo en la Era Digital (#FEED16) reuni\u00f3 a cerca de 2.000&#8230;<\/p>\n","protected":false},"featured_media":7271,"template":"","meta":{"_acf_changed":false},"categories":[],"noticias":[],"class_list":["post-7270","noticias","type-noticias","status-publish","has-post-thumbnail","hentry"],"acf":[],"_links":{"self":[{"href":"https:\/\/test.madridemprende.anovagroup.es\/en\/wp-json\/wp\/v2\/noticias\/7270"}],"collection":[{"href":"https:\/\/test.madridemprende.anovagroup.es\/en\/wp-json\/wp\/v2\/noticias"}],"about":[{"href":"https:\/\/test.madridemprende.anovagroup.es\/en\/wp-json\/wp\/v2\/types\/noticias"}],"version-history":[{"count":0,"href":"https:\/\/test.madridemprende.anovagroup.es\/en\/wp-json\/wp\/v2\/noticias\/7270\/revisions"}],"wp:featuredmedia":[{"embeddable":true,"href":"https:\/\/test.madridemprende.anovagroup.es\/en\/wp-json\/wp\/v2\/media\/7271"}],"wp:attachment":[{"href":"https:\/\/test.madridemprende.anovagroup.es\/en\/wp-json\/wp\/v2\/media?parent=7270"}],"wp:term":[{"taxonomy":"category","embeddable":true,"href":"https:\/\/test.madridemprende.anovagroup.es\/en\/wp-json\/wp\/v2\/categories?post=7270"},{"taxonomy":"noticias","embeddable":true,"href":"https:\/\/test.madridemprende.anovagroup.es\/en\/wp-json\/wp\/v2\/noticias?post=7270"}],"curies":[{"name":"wp","href":"https:\/\/api.w.org\/{rel}","templated":true}]}}