{"id":7282,"date":"2016-11-29T00:00:00","date_gmt":"2016-11-29T00:00:00","guid":{"rendered":"https:\/\/pre.madridemprende.anovagroup.es\/noticias\/vuelve-salesas-vilage-the-festival-los-das-2-y-3-de-diciembre\/"},"modified":"2022-06-08T11:24:54","modified_gmt":"2022-06-08T09:24:54","slug":"vuelve-salesas-vilage-the-festival-los-das-2-y-3-de-diciembre","status":"publish","type":"noticias","link":"https:\/\/test.madridemprende.anovagroup.es\/en\/noticias\/vuelve-salesas-vilage-the-festival-los-das-2-y-3-de-diciembre\/","title":{"rendered":"Vuelve Salesas Vilage [The Festival] los d\u00edas 2 y 3 de diciembre"},"content":{"rendered":"<div style=\\\"text-align: justify;\\\">En esta nueva edici\u00f3n las calles Campoamor y Fernando VI ser\u00e1n el punto de encuentro en el que los establecimientos de la zona, desde tiendas de moda a locales de ocio y belleza, pasando por establecimientos de decoraci\u00f3n y de productos gastron\u00f3micos, ocupar\u00e1n las plazas de aparcamiento de la calle para exponer y vender sus productos y servicios.<\/div>\n<div style=\\\"text-align: justify;\\\">Adem\u00e1s, para esta ocasi\u00f3n la zona estar\u00e1 iluminada con las luces de Navidad.<\/div>\n<div style=\\\"text-align: justify;\\\">Como novedad, esta edici\u00f3n de Salesas Village [The Festival] cuenta con el apoyo de la cadena Leroy Merlin que organizar\u00e1 distintas actividades y talleres de manualidades para los ni\u00f1os y mayores en la Plaza de Salesas. Junto a ello, se desarrollar\u00e1n talleres de sostenibilidad para concienciar a los m\u00e1s peque\u00f1os de la importancia del ahorro energ\u00e9tico y de las energ\u00edas renovables.<\/div>\n<div style=\\\"text-align: justify;\\\">Esta edici\u00f3n de Salesas Village [The Festival] cuenta nuevamente con la participaci\u00f3n institucional del \u00c1rea de Gobierno de Equidad, Derechos Sociales y Empleo del Ayuntamiento de Madrid a trav\u00e9s de la Direcci\u00f3n General de Comercio y Emprendimiento. El evento forma aprte del proyecto\u00a0<a href=\\\"http:\/\/www.madridcapitaldemoda.com\/noticias\/la-navidad-comienza-con-salesas-village-festival\/\\\" target=\\\"_blank\\\">Madrid Capital del Moda\u00a0<\/a><\/div>\n<div style=\\\"text-align: justify;\\\">Para m\u00e1s informaci\u00f3n e inscipci\u00f3n previa en las actividades y talleres programados,\u00a0<a href=\\\"http:\/\/salesasvillage.com\/salesas-village-festival-2-y-3-de-diciembre\/\\\" target=\\\"_blank\\\">pincha aqu\u00ed,<\/p>\n<p>\u00a1<\/a>\u00a1\u00a1\u00a1\u00a1Aprovecha esta ocasi\u00f3n para encontrar los regalos m\u00e1s originales para estas Navidades!!!!!<\/div>\n","protected":false},"excerpt":{"rendered":"<p>En esta nueva edici\u00f3n las calles Campoamor y Fernando VI ser\u00e1n el punto de&#8230;<\/p>\n","protected":false},"featured_media":7283,"template":"","meta":{"_acf_changed":false},"categories":[],"noticias":[],"class_list":["post-7282","noticias","type-noticias","status-publish","has-post-thumbnail","hentry"],"acf":[],"_links":{"self":[{"href":"https:\/\/test.madridemprende.anovagroup.es\/en\/wp-json\/wp\/v2\/noticias\/7282"}],"collection":[{"href":"https:\/\/test.madridemprende.anovagroup.es\/en\/wp-json\/wp\/v2\/noticias"}],"about":[{"href":"https:\/\/test.madridemprende.anovagroup.es\/en\/wp-json\/wp\/v2\/types\/noticias"}],"version-history":[{"count":0,"href":"https:\/\/test.madridemprende.anovagroup.es\/en\/wp-json\/wp\/v2\/noticias\/7282\/revisions"}],"wp:featuredmedia":[{"embeddable":true,"href":"https:\/\/test.madridemprende.anovagroup.es\/en\/wp-json\/wp\/v2\/media\/7283"}],"wp:attachment":[{"href":"https:\/\/test.madridemprende.anovagroup.es\/en\/wp-json\/wp\/v2\/media?parent=7282"}],"wp:term":[{"taxonomy":"category","embeddable":true,"href":"https:\/\/test.madridemprende.anovagroup.es\/en\/wp-json\/wp\/v2\/categories?post=7282"},{"taxonomy":"noticias","embeddable":true,"href":"https:\/\/test.madridemprende.anovagroup.es\/en\/wp-json\/wp\/v2\/noticias?post=7282"}],"curies":[{"name":"wp","href":"https:\/\/api.w.org\/{rel}","templated":true}]}}