{"id":7288,"date":"2016-12-02T00:00:00","date_gmt":"2016-12-02T00:00:00","guid":{"rendered":"https:\/\/pre.madridemprende.anovagroup.es\/noticias\/rity-autocine-madrid-y-chargy-ganadoras-del-premio-emprendedoras-2016\/"},"modified":"2022-06-29T14:31:31","modified_gmt":"2022-06-29T12:31:31","slug":"rity-autocine-madrid-y-chargy-ganadoras-del-premio-emprendedoras-2016","status":"publish","type":"noticias","link":"https:\/\/test.madridemprende.anovagroup.es\/en\/noticias\/rity-autocine-madrid-y-chargy-ganadoras-del-premio-emprendedoras-2016\/","title":{"rendered":"\u00c1rity, Autocine Madrid y Chargy, ganadoras del Premio Emprendedoras 2016"},"content":{"rendered":"<p><!-- [if gte mso 9]><xml>\n<o:DocumentProperties>\n<o:Template>Normal.dotm<\/o:Template>\n<o:Revision>0<\/o:Revision>\n<o:TotalTime>0<\/o:TotalTime>\n<o:Pages>1<\/o:Pages>\n<o:Words>889<\/o:Words>\n<o:Characters>5069<\/o:Characters>\n<o:Company>Alcandora<\/o:Company>\n<o:Lines>42<\/o:Lines>\n<o:Paragraphs>10<\/o:Paragraphs>\n<o:CharactersWithSpaces>6225<\/o:CharactersWithSpaces>\n<o:Version>12.0<\/o:Version>\n<\/o:DocumentProperties>\n<o:OfficeDocumentSettings>\n<o:AllowPNG\/>\n<\/o:OfficeDocumentSettings>\n<\/xml><![endif]--><!-- [if gte mso 9]><xml>\n<w:WordDocument>\n<w:Zoom>0<\/w:Zoom>\n<w:TrackMoves>false<\/w:TrackMoves>\n<w:TrackFormatting\/>\n<w:HyphenationZone>21<\/w:HyphenationZone>\n<w:PunctuationKerning\/>\n<w:DrawingGridHorizontalSpacing>18 pt<\/w:DrawingGridHorizontalSpacing>\n<w:DrawingGridVerticalSpacing>18 pt<\/w:DrawingGridVerticalSpacing>\n<w:DisplayHorizontalDrawingGridEvery>0<\/w:DisplayHorizontalDrawingGridEvery>\n<w:DisplayVerticalDrawingGridEvery>0<\/w:DisplayVerticalDrawingGridEvery>\n<w:ValidateAgainstSchemas\/>\n<w:SaveIfXMLInvalid>false<\/w:SaveIfXMLInvalid>\n<w:IgnoreMixedContent>false<\/w:IgnoreMixedContent>\n<w:AlwaysShowPlaceholderText>false<\/w:AlwaysShowPlaceholderText>\n<w:Compatibility>\n<w:BreakWrappedTables\/>\n<w:DontGrowAutofit\/>\n<w:DontAutofitConstrainedTables\/>\n<w:DontVertAlignInTxbx\/>\n<\/w:Compatibility>\n<\/w:WordDocument>\n<\/xml><![endif]--><!-- [if gte mso 9]><xml>\n<w:LatentStyles DefLockedState=\\\"false\\\" LatentStyleCount=\\\"276\\\">\n<\/w:LatentStyles>\n<\/xml><![endif]--><!-- [if gte mso 10]>\n\n\n\n<style>\n \/* Style Definitions *\/<br \/>\ntable.MsoNormalTable<br \/>\n\t{mso-style-name:\\\"Tabla normal\\\";<br \/>\n\tmso-tstyle-rowband-size:0;<br \/>\n\tmso-tstyle-colband-size:0;<br \/>\n\tmso-style-noshow:yes;<br \/>\n\tmso-style-parent:\\\"\\\";<br \/>\n\tmso-padding-alt:0cm 5.4pt 0cm 5.4pt;<br \/>\n\tmso-para-margin-top:0cm;<br \/>\n\tmso-para-margin-right:0cm;<br \/>\n\tmso-para-margin-bottom:10.0pt;<br \/>\n\tmso-para-margin-left:0cm;<br \/>\n\tmso-pagination:widow-orphan;<br \/>\n\tfont-size:11.0pt;<br \/>\n\tfont-family:\\\"Times New Roman\\\";<br \/>\n\tmso-ascii-font-family:Cambria;<br \/>\n\tmso-ascii-theme-font:minor-latin;<br \/>\n\tmso-hansi-font-family:Cambria;<br \/>\n\tmso-hansi-theme-font:minor-latin;<br \/>\n\tmso-ansi-language:ES;<br \/>\n\tmso-fareast-language:EN-US;}<br \/>\n<\/style>\n\n<![endif]--> <!--StartFragment--><\/p>\n<p class=\"\\&quot;MsoNormal\\&quot;\">Este viernes 2 de diciembre se ha celebrado\u00a0el demoday de los proyectos finalistas de la VI edici\u00f3n del\u00a0<a href=\"\\&quot;http:\/\/www.madridemprende.com\/es\/emprendedores\/aceleracion-de-empresas\/premio-emprendedoras\\&quot;\">Premio Emprendedoras 2016<\/a>, donde las finalistas del Premio Emprendedoras han demostrado, en tres minutos, que su proyecto estaba ya maduro.<\/p>\n<p class=\"\\&quot;MsoNormal\\&quot;\">El\u00a0<a href=\"\\&quot;\/es\/emprendedores\/espacios-para-emprendedores\/viveros-de-empresas\/Viveros\/ficha\/bd88c882e9b597a6d95b6b67fe83cc62\/\\&quot;\">Vivero de Empresas de Puente de Vallecas<\/a>, ha sido el escenario de esta final y el lugar donde ocho de las diez finalistas seleccionadas en el mes de septiembre han dado forma a su idea\u00a0durante dos meses, en la Sala Yo Dona, trabajando en su desarrollo con el asesoramiento, mentoring, ayuda y supervisi\u00f3n de los t\u00e9cnicos de la\u00a0<a href=\"\\&quot;\/es\/emprendedores\/espacios-para-emprendedores\/viveros-de-empresas\\&quot;\">Red de Viveros del Ayuntamiento de Madrid<\/a>.<\/p>\n<p class=\"\\&quot;MsoNormal\\&quot;\">La Directora General de\u00a0<a href=\"\\&quot;\/\\&quot;\">Comercio y Emprendimiento<\/a>\u00a0del\u00a0<a href=\"\\&quot;http:\/\/www.madrid.es\/\\&quot;\">Ayuntamiento de Madrid<\/a>,\u00a0<strong>Concha D\u00edaz de Villegas<\/strong>, inaugur\u00f3 la jornada felicitando a todas las finalistas, \u201cganadoras porque lo ten\u00e9is en vuestros genes, en vuestro est\u00edmulo\u201d y nombr\u00e1ndolas embajadoras del apoyo al emprendimiento del Ayuntamiento de Madrid.<\/p>\n<p class=\"\\&quot;MsoNormal\\&quot;\"><strong>Isabel Garc\u00eda-Zarza<\/strong>, Jefa Nacional y Sociedad de\u00a0<a href=\"\\&quot;http:\/\/www.elmundo.es\/yodona.html\\&quot;\">YoDona<\/a>,\u00a0agradeci\u00f3 a todas las finalistas su creatividad y recalc\u00f3 que aunque s\u00f3lo se premia a una emprendedora por categor\u00eda, \u201cganadoras sois todas\u201d.<\/p>\n<p class=\"\\&quot;MsoNormal\\&quot;\">La Subdirectora General de Emprendedores y Pymes del Ayuntamiento de Madrid,\u00a0<strong>Estrella Mart\u00edn<\/strong>, y\u00a0<strong>Samary Fern\u00e1ndez<\/strong>, Publisher \u00c1rea Lujo y Estilo de Vida de\u00a0<a href=\"\\&quot;http:\/\/www.unidadeditorial.es\/\\&quot;\">Unidad Editorial<\/a>, fueron las encargadas de presentar a las finalistas, quienes en tres minutos expusieron su proyecto al auditorio y posteriormente respondieron a las preguntas del jurado.<\/p>\n<p class=\"\\&quot;MsoNormal\\&quot;\">En esta edici\u00f3n, el premio ha contado con dos categor\u00edas: <strong>Idea Emprendedora<\/strong>, dirigido a mujeres con una idea emprendedora que tengan inter\u00e9s en comenzar un proyecto, y\u00a0<strong>Emprendedora<\/strong>, para aquellas que ya cuentan con una empresa en funcionamiento desde hace menos de dos a\u00f1os.<\/p>\n<p class=\"\\&quot;MsoNormal\\&quot;\">El jurado, ha tenido una dif\u00edcil tarea para elegir a las ganadoras, debido al alto nivel de todas las finalistas, tras un empate t\u00e9cnico ha decidido seleccionar a dos ganadoras en la categor\u00eda \u201cIdea Emprendedora\u201d:\u00a0<strong>Adriana S\u00e1nchez Arriaga<\/strong>, con\u00a0<a href=\"\\&quot;http:\/\/www.arity.es\/\\&quot;\">\u00c1rity<\/a>, complementos y accesorios de moda realizados con materiales reciclados, plata y patronaje de residuos cero; y\u00a0<a href=\"\\&quot;http:\/\/www.autocinesmadrid.es\/\\&quot;\">Autocine Madrid<\/a>, de Tamara Istambul y Cristina Puerta,\u00a0 el que ser\u00e1\u00a0el primer autocine de Madrid, un espacio en la zona de Chamart\u00edn, con capacidad para 350 veh\u00edculos, pantalla gigante de 250m, zona gastron\u00f3mica con food trucks, etc.<\/p>\n<p class=\"\\&quot;MsoNormal\\&quot;\"><strong>Laura Lozano<\/strong>, con su proyecto tecnol\u00f3gico\u00a0<a href=\"\\&quot;http:\/\/chargy.com\/\\&quot;\">Chargy Technologies<\/a>\u00a0 ha sido la ganadora de la\u00a0categor\u00eda\u00a0\u201cEmprendedora\u201d\u00a0(para aquellas empresas ya constituidas con un periodo de actividad inferior a dos a\u00f1os). Un dispositivo de carga inal\u00e1mbrica que interact\u00faa con las personas pensado para instalarse en negocios, oficinas y espacios p\u00fablicos con un dise\u00f1o minimalista. Gracias a Chargy, la gente no tendr\u00e1 que volver a preocuparse por el nivel de bater\u00eda de sus dispositivos m\u00f3viles. Se estima que a lo largo del a\u00f1o 2017 se instalar\u00e1n m\u00e1s de 2.000\u00a0ChargyPoints\u00a0en las principales ciudades de Espa\u00f1a.<\/p>\n<p class=\"\\&quot;MsoNormal\\&quot;\">Las ganadoras de ambas categor\u00edas ser\u00e1n entrevistadas en la secci\u00f3n Emprendedoras de Yo Dona y en Womenalia, obtendr\u00e1n un a\u00f1o de estancia en uno de los espacios de la Red de Viveros del Ayuntamiento de Madrid y el amadrinamiento de la emprendedora de \u00e9xito Isabel Llorens, CEO de\u00a0<a href=\"\\&quot;https:\/\/www.rusticae.es\/\\&quot;\">Rusticae<\/a>. ASEME, les ofrecer\u00e1 adem\u00e1s a las tres finalistas un a\u00f1o de cuota de asociadas y asesor\u00eda en lo que necesiten y acceder\u00e1n a formaci\u00f3n de la mano del Centro Universitario Villanueva<a name=\"\\&quot;_GoBack\\&quot;\"><\/a>. Adem\u00e1s, la ganadora del premio en la categor\u00eda Emprendedora, Laura Lozano, obtendr\u00e1 una plaza en la\u00a0<a href=\"\\&quot;\/es\/emprendedores\/aceleracion-de-empresas\/aceleradora-de-proyectos-de-alto-potencial\\&quot;\">Aceleradora de Proyectos de Alto Potencial<\/a>\u00a0del Ayuntamiento de Madrid en la edici\u00f3n de 2017.<\/p>\n<p class=\"\\&quot;MsoNormal\\&quot;\"><strong>Marta Michel<\/strong>, directora de\u00a0<a href=\"\\&quot;http:\/\/www.elmundo.es\/yodona.html\\&quot;\">Yo Dona<\/a>, concluy\u00f3 la jornada reconociendo el gran trabajo, tanto de las dos ganadoras como de las finalistas y recordando como desde Yo Dona hay un apoyo constante al emprendimiento femenino.<\/p>\n<p class=\"\\&quot;MsoNormal\\&quot;\">En la categor\u00eda\u00a0<strong>\u201cEmprendedora\u201d,<\/strong>\u00a0las finalistas fueron Raquel Hern\u00e1ndez y Laura Rubio, con\u00a0<a href=\"\\&quot;https:\/\/twitter.com\/a3ceres\\&quot;\">A3 CERES<\/a>, asesor\u00eda agroalimentaria con la misi\u00f3n de ayudar al agricultor a afrontar con \u00e9xito el reto al que se enfrenta; Mar\u00eda Gamarra, con\u00a0<a href=\"\\&quot;http:\/\/www.anmaraeyewear.com\/\\&quot;\">Anmara Eyewear<\/a>, colecci\u00f3n de gafas creadas a partir de materiales naturales como el cuerno y la madera, ofreciendo exclusividad en sus dise\u00f1os y creaciones; y Ana Mart\u00ednez-Pita, con\u00a0<a href=\"\\&quot;http:\/\/www.cyjonline.com\/\\&quot;\">Casa &amp; Jardin<\/a>, tienda de muebles, de objetos de decoraci\u00f3n y de complementos.<\/p>\n<p class=\"\\&quot;MsoNormal\\&quot;\">En la Categor\u00eda\u00a0<strong>\u201cIdea Emprendedora\u201d,<\/strong>\u00a0tambi\u00e9n llegaron a la final; Esther Soler, con\u00a0<strong>Tatoo be safe<\/strong>, dispositivo de tatuaje temporal para la identificaci\u00f3n e informaci\u00f3n de individuos mediante c\u00f3digos QR y\/o chip NFC; y Luc\u00eda Fern\u00e1ndez, con\u00a0<strong>Madridverdea<\/strong>, ofreciendo a las comunidades de vecinos servicios para el aprovechamiento de terrazas y azoteas.<\/p>\n<p class=\"\\&quot;MsoNormal\\&quot;\">El\u00a0<strong>premio\u00a0<\/strong>naci\u00f3 en 2011 con el objetivo de favorecer el emprendimiento femenino, apoyando aquellas ideas emprendedoras protagonizadas por mujeres, y en este impulso ha sido fundamental la colaboraci\u00f3n p\u00fablico privada de\u00a0<a href=\"\\&quot;http:\/\/www.womenalia.com\/\\&quot;\">Womenalia<\/a>,\u00a0<a href=\"\\&quot;http:\/\/www.villanueva.edu\/\\&quot;\">Centro Universitario Villanueva<\/a>,\u00a0<a href=\"\\&quot;http:\/\/asecom.org\/\\&quot;\">Asecom<\/a>\u00a0y\u00a0<a href=\"\\&quot;http:\/\/aseme.es\/\\&quot;\">ASEME<\/a>, los cuales tambi\u00e9n han formado parte del jurado.<\/p>\n<p>&nbsp;<\/p>\n<div><!--EndFragment--> <iframe src=\"\\&quot;https:\/\/www.youtube.com\/embed\/Eya3VdT716k\\&quot;\" width=\"\\&quot;560\\&quot;\" height=\"\\&quot;315\\&quot;\" frameborder=\"\\&quot;0\\&quot;\" allowfullscreen=\"allowfullscreen\"><\/iframe><\/div>\n","protected":false},"excerpt":{"rendered":"<p>Esta edici\u00f3n, el premio ha contado con dos categor\u00edas: Idea Emprendedora, dirigido a mujeres con una idea emprendedora que tengan inter\u00e9s en comenzar un proyecto, y\u00a0Emprendedora, para aquellas que ya cuentan con una empresa en funcionamiento desde hace menos de dos a\u00f1os.<\/p>\n","protected":false},"featured_media":7289,"template":"","meta":{"_acf_changed":false},"categories":[],"noticias":[],"class_list":["post-7288","noticias","type-noticias","status-publish","has-post-thumbnail","hentry"],"acf":[],"_links":{"self":[{"href":"https:\/\/test.madridemprende.anovagroup.es\/en\/wp-json\/wp\/v2\/noticias\/7288"}],"collection":[{"href":"https:\/\/test.madridemprende.anovagroup.es\/en\/wp-json\/wp\/v2\/noticias"}],"about":[{"href":"https:\/\/test.madridemprende.anovagroup.es\/en\/wp-json\/wp\/v2\/types\/noticias"}],"version-history":[{"count":0,"href":"https:\/\/test.madridemprende.anovagroup.es\/en\/wp-json\/wp\/v2\/noticias\/7288\/revisions"}],"wp:featuredmedia":[{"embeddable":true,"href":"https:\/\/test.madridemprende.anovagroup.es\/en\/wp-json\/wp\/v2\/media\/7289"}],"wp:attachment":[{"href":"https:\/\/test.madridemprende.anovagroup.es\/en\/wp-json\/wp\/v2\/media?parent=7288"}],"wp:term":[{"taxonomy":"category","embeddable":true,"href":"https:\/\/test.madridemprende.anovagroup.es\/en\/wp-json\/wp\/v2\/categories?post=7288"},{"taxonomy":"noticias","embeddable":true,"href":"https:\/\/test.madridemprende.anovagroup.es\/en\/wp-json\/wp\/v2\/noticias?post=7288"}],"curies":[{"name":"wp","href":"https:\/\/api.w.org\/{rel}","templated":true}]}}