{"id":7290,"date":"2016-12-07T00:00:00","date_gmt":"2016-12-07T00:00:00","guid":{"rendered":"https:\/\/pre.madridemprende.anovagroup.es\/noticias\/campaa-de-navidad-actuaciones-musicales-en-los-mercados-municipales\/"},"modified":"2022-06-08T11:24:53","modified_gmt":"2022-06-08T09:24:53","slug":"campaa-de-navidad-actuaciones-musicales-en-los-mercados-municipales","status":"publish","type":"noticias","link":"https:\/\/test.madridemprende.anovagroup.es\/en\/noticias\/campaa-de-navidad-actuaciones-musicales-en-los-mercados-municipales\/","title":{"rendered":"Campa\u00f1a de Navidad. Actuaciones musicales en los Mercados Municipales"},"content":{"rendered":"<div style=\\\"box-sizing: border-box; color: #5a5a5a; font-family: \\'PT Sans\\', sans-serif; font-size: 14px; line-height: 20px; text-align: justify; background-color: #ffffff;\\\">Un a\u00f1o m\u00e1s los Mercados Municipales quieren celebrar la Navidad y ofrecen a todos los que quieran visitarlos un Programa de Conciertos promovido por el \u00c1rea de Gobierno de Equidad, Derechos Sociales y Empleo.<\/div>\n<div style=\\\"box-sizing: border-box; color: #5a5a5a; font-family: \\'PT Sans\\', sans-serif; font-size: 14px; line-height: 20px; text-align: justify; background-color: #ffffff;\\\">El d\u00eda 9 de diciembre tendr\u00e1 lugar el concierto inaugural a las 12:00 horas en el\u00a0<a style=\\\"box-sizing: border-box; color: #337ab7; text-decoration: none; background-color: transparent;\\\" href=\\\"\/es\/mercados\/mercados-de-madrid\/Mercados\/ficha\/43b6a46e674da7f57b299e60092335ff\/\\\" target=\\\"_blank\\\">Mercado de Chamber\u00ed<\/a>. Le seguir\u00e1n otros 43 conciertos en el resto de Mercados Municipales de la capital hasta el d\u00eda 29 de diciembre.<\/div>\n<div style=\\\"box-sizing: border-box; color: #5a5a5a; font-family: \\'PT Sans\\', sans-serif; font-size: 14px; line-height: 20px; text-align: justify; background-color: #ffffff;\\\">Los conciertos corren a cargo del\u00a0<a style=\\\"box-sizing: border-box; color: #337ab7; text-decoration: none; background-color: transparent;\\\" href=\\\"http:\/\/www.corojovenesmadrid.com\/asociacion\\\" target=\\\"_blank\\\">Coro de J\u00f3venes de Madrid<\/a>, un proyecto de la Asociaci\u00f3n Juvenil Coro de J\u00f3venes de Madrid, integrado por unos 80 cantantes de edades comprendidas entre los 15 y los 25 a\u00f1os, bajo la direcci\u00f3n art\u00edstica de Juan Pablo de Juan y la coordinaci\u00f3n t\u00e9cnica de Rennier Pi\u00f1ero. El Coro de J\u00f3venes de Madrid cuenta ya con una importante trayectoria, habiendo actuado en prestigiosos festivales y colaborado con diversos coros y directores internacionales.<\/div>\n<div style=\\\"box-sizing: border-box; color: #5a5a5a; font-family: \\'PT Sans\\', sans-serif; font-size: 14px; line-height: 20px; text-align: justify; background-color: #ffffff;\\\">Si quieres conocer el programa completo de de Conciertos, pincha\u00a0<a style=\\\"box-sizing: border-box; color: #337ab7; text-decoration: none; background-color: transparent;\\\" href=\\\"\/images\/public\/source\/MERCADOS\/NAVIDAD%202016\/cartel%20mercados%20navidad%20medio%20baja.jpg\\\" target=\\\"_blank\\\">aqu\u00ed<\/a><a style=\\\"box-sizing: border-box; color: #337ab7; text-decoration: none; background-color: transparent;\\\" href=\\\"\/images\/public\/source\/MERCADOS\/NAVIDAD%202016\/cartel%20mercados%20navidad%20baja.pdf\\\" target=\\\"_blank\\\">.<\/a><\/div>\n","protected":false},"excerpt":{"rendered":"<p>Un a\u00f1o m\u00e1s los Mercados Municipales quieren celebrar la Navidad y ofrecen a&#8230;<\/p>\n","protected":false},"featured_media":7291,"template":"","meta":{"_acf_changed":false},"categories":[],"noticias":[],"class_list":["post-7290","noticias","type-noticias","status-publish","has-post-thumbnail","hentry"],"acf":[],"_links":{"self":[{"href":"https:\/\/test.madridemprende.anovagroup.es\/en\/wp-json\/wp\/v2\/noticias\/7290"}],"collection":[{"href":"https:\/\/test.madridemprende.anovagroup.es\/en\/wp-json\/wp\/v2\/noticias"}],"about":[{"href":"https:\/\/test.madridemprende.anovagroup.es\/en\/wp-json\/wp\/v2\/types\/noticias"}],"version-history":[{"count":0,"href":"https:\/\/test.madridemprende.anovagroup.es\/en\/wp-json\/wp\/v2\/noticias\/7290\/revisions"}],"wp:featuredmedia":[{"embeddable":true,"href":"https:\/\/test.madridemprende.anovagroup.es\/en\/wp-json\/wp\/v2\/media\/7291"}],"wp:attachment":[{"href":"https:\/\/test.madridemprende.anovagroup.es\/en\/wp-json\/wp\/v2\/media?parent=7290"}],"wp:term":[{"taxonomy":"category","embeddable":true,"href":"https:\/\/test.madridemprende.anovagroup.es\/en\/wp-json\/wp\/v2\/categories?post=7290"},{"taxonomy":"noticias","embeddable":true,"href":"https:\/\/test.madridemprende.anovagroup.es\/en\/wp-json\/wp\/v2\/noticias?post=7290"}],"curies":[{"name":"wp","href":"https:\/\/api.w.org\/{rel}","templated":true}]}}