{"id":7292,"date":"2016-12-15T00:00:00","date_gmt":"2016-12-15T00:00:00","guid":{"rendered":"https:\/\/pre.madridemprende.anovagroup.es\/noticias\/navidad-dulce-navidad-en-la-prospe\/"},"modified":"2022-06-08T11:24:53","modified_gmt":"2022-06-08T09:24:53","slug":"navidad-dulce-navidad-en-la-prospe","status":"publish","type":"noticias","link":"https:\/\/test.madridemprende.anovagroup.es\/en\/noticias\/navidad-dulce-navidad-en-la-prospe\/","title":{"rendered":"Navidad, dulce Navidad en la \u00abProspe\u00bb"},"content":{"rendered":"<div style=\\\"text-align: justify;\\\">Desde el 27 de diciembre de 2016 al 5 de enero de 2017 tendr\u00e1 lugar en el <a href=\\\"\/NdSite\/Ctrl\/CMS\/displayPageContent\/9dd2ac0a2183fb3c07373d6cd79f53b2\/7372b8a396d0552bb55c94e79d8c16c7\/NewsModule\/editNews\/6e1a156417fe69d049f96fdf68763cc1\/V\\\" target=\\\"_blank\\\">Mercado de Prosperidad<\/a>\u00a0la Feria de Navidad de la mano de <a href=\\\"http:\/\/www.girademercaderes.com\/\\\" target=\\\"_blank\\\">Gira de Mercaderes<\/a>, con dise\u00f1o, modo, artesan\u00eda, regalos y diveras actividades.<\/p>\n<p>Aprovecha estos d\u00edas y ven al Mercado de Prosperidad para hacer tus compras habituales, al mismo tiempo que encontrar\u00e1s entre los puestos de la feria una amplia gama de productos para regalar: ropa, bisuter\u00eda, juguetes, ilustraciones y diversos art\u00edculos de regalo. En esta ocasi\u00f3n participan m\u00e1s de 35 dise\u00f1adores que convivir\u00e1n durante estos d\u00edas con los comerciantes del Mercado.<\/p>\n<p>Para esta ocasi\u00f3n Gira de Mercaderes contar\u00e1 con la decoraci\u00f3n navide\u00f1a fabricada por la Fundaci\u00f3n Amanecer, vecina del barrio de Prosperidad.<\/p>\n<p>Adem\u00e1s encontrar\u00e1s diversas actividades de animaci\u00f3n infantil durante todos los d\u00edas.<\/p>\n<p>Si quieres conocer m\u00e1s, pincha\u00a0<a href=\\\"http:\/\/www.girademercaderes.com\/single-post\/584a8227ee38520135086498\\\" target=\\\"_blank\\\">aqu\u00ed.<\/a><br \/>Si quieres participar como dise\u00f1ador, pincha <a href=\\\"http:\/\/www.girademercaderes.com\/navidad-2016\\\" target=\\\"_blank\\\">aqu\u00ed<\/a>.<\/div>\n","protected":false},"excerpt":{"rendered":"<p>Desde el 27 de diciembre de 2016 al 5 de enero de 2017 tendr\u00e1 lugar en el&#8230;<\/p>\n","protected":false},"featured_media":7293,"template":"","meta":{"_acf_changed":false},"categories":[],"noticias":[],"class_list":["post-7292","noticias","type-noticias","status-publish","has-post-thumbnail","hentry"],"acf":[],"_links":{"self":[{"href":"https:\/\/test.madridemprende.anovagroup.es\/en\/wp-json\/wp\/v2\/noticias\/7292"}],"collection":[{"href":"https:\/\/test.madridemprende.anovagroup.es\/en\/wp-json\/wp\/v2\/noticias"}],"about":[{"href":"https:\/\/test.madridemprende.anovagroup.es\/en\/wp-json\/wp\/v2\/types\/noticias"}],"version-history":[{"count":0,"href":"https:\/\/test.madridemprende.anovagroup.es\/en\/wp-json\/wp\/v2\/noticias\/7292\/revisions"}],"wp:featuredmedia":[{"embeddable":true,"href":"https:\/\/test.madridemprende.anovagroup.es\/en\/wp-json\/wp\/v2\/media\/7293"}],"wp:attachment":[{"href":"https:\/\/test.madridemprende.anovagroup.es\/en\/wp-json\/wp\/v2\/media?parent=7292"}],"wp:term":[{"taxonomy":"category","embeddable":true,"href":"https:\/\/test.madridemprende.anovagroup.es\/en\/wp-json\/wp\/v2\/categories?post=7292"},{"taxonomy":"noticias","embeddable":true,"href":"https:\/\/test.madridemprende.anovagroup.es\/en\/wp-json\/wp\/v2\/noticias?post=7292"}],"curies":[{"name":"wp","href":"https:\/\/api.w.org\/{rel}","templated":true}]}}