{"id":7298,"date":"2016-12-21T00:00:00","date_gmt":"2016-12-21T00:00:00","guid":{"rendered":"https:\/\/pre.madridemprende.anovagroup.es\/noticias\/saln-mi-empresa-vuelve-sin-lmites\/"},"modified":"2022-06-08T11:24:52","modified_gmt":"2022-06-08T09:24:52","slug":"saln-mi-empresa-vuelve-sin-lmites","status":"publish","type":"noticias","link":"https:\/\/test.madridemprende.anovagroup.es\/en\/noticias\/saln-mi-empresa-vuelve-sin-lmites\/","title":{"rendered":"Sal\u00f3n Mi Empresa vuelve \u00a1Sin l\u00edmites!"},"content":{"rendered":"<p>Tras siete exitosas ediciones, el\u00a0<a href=\\\"http:\/\/www.salonmiempresa.com\/\\\">Sal\u00f3n MiEmpresa<\/a>, consolidado como el mayor evento a nivel nacional para emprendedores y pymes, vuelve los d\u00edas <strong>21 y 22 de febrero<\/strong> al Barclaycard Center de Madrid (antiguo Palacio de los Deportes de Madrid), para ofrecer y aportar nuevos est\u00edmulos en todas las \u00e1reas implicadas en la puesta en marcha y crecimiento de un negocio.<\/p>\n<p>Un a\u00f1o m\u00e1s el <strong>Ayuntamiento de Madrid<\/strong>, a trav\u00e9s de la Direcci\u00f3n General de Comercio y Emprendimiento, apoya de manera oficial este evento que espera congregar a unos 300 ponentes y m\u00e1s de 15.000 profesionales vinculados con el emprendimiento y la creaci\u00f3n de empresas.<\/p>\n<p>El Sal\u00f3n MiEmpresa, en su VIII edici\u00f3n, est\u00e1 articulando un ambicioso programa de conferencias y actividades que bajo el lema: \u00a1Sin l\u00edmites!, permitan\u00a0empoderar y contribuir al crecimiento de las pymes\u00a0en una jungla en la que la competitividad y los retos se multiplican a una velocidad vertiginosa.<\/p>\n<p>La convocatoria del <a href=\\\"http:\/\/www.salonmiempresa.com\/actividades\/elevator-pitch-2017\/\\\">concurso Elevator Pitch<\/a> para\u00a0start-ups\u00a0tecnol\u00f3gicas est\u00e1 abierta hasta el 20 de enero de 2017<\/p>\n<p>Con esta premisa, se renuevan las 10 salas tem\u00e1ticas de conferencias, que cubrir\u00e1n todo el ciclo de vida una pyme, desde sus or\u00edgenes, financiaci\u00f3n, crecimiento, innovaci\u00f3n e internacionalizaci\u00f3n. Adem\u00e1s\u00a0se ha incorporado un<strong>\u00a0\u00e1rea exclusiva de Mentoring,\u00a0<\/strong>donde se llevar\u00e1n a cabo sesiones individuales de asesoramiento\u00a0<em>one to one<\/em>\u00a0con inversores, mentores y expertos\u00a0que brindar\u00e1n a los asistentes soluciones personalizadas.<\/p>\n<p>Todos aquellos interesados en asistir ya pueden\u00a0<a href=\\\"http:\/\/www.salonmiempresa.com\/registro-sme-2017\/\\\">inscribirse\u00a0<\/a>al evento, utiliza nuestro <strong>c\u00f3digo gratuito de inscripci\u00f3n: AYUNTAMIENTO_VIP<\/strong><\/p>\n<p>En consonancia con las ediciones anteriores,\u00a0el Sal\u00f3n, patrocinado por Bankia revalida su compromiso con<strong> m\u00e1s de 70 expositores<\/strong>, que ofrecer\u00e1n a los asistentes productos y servicios adaptados a sus necesidades. Entre ellos se encuentran: Afianza Asesores, Angels, Avalmadrid, Avancar, Ayuntamiento de Madrid, Bankia, Barbadillo y Asociados, Brandon Beach, Car2Go, Cevipyme, Emprendedores, Enisa, Facebook, Finanziaconnect, Fnac, Lanzadera, Lexington, Negocios y Networking, NoLimits Media, OEPM, Piccolo Moresco, Totemcat, Visualsign y Wanajump entre otros.<\/p>\n<p>Adem\u00e1s, se mantiene el\u00a0<strong>concurso del Elevator Pitch<\/strong>, con un formato renovado que apuesta por ofrecer un feedback m\u00e1s personalizado a\u00a0los representantes de las start-ups tecnol\u00f3gicas que participen. Se enfrentar\u00e1n a un jurado compuesto por business angels y fondos de capital riesgo.<\/p>\n<p>De acuerdo con\u00a0<strong>S\u00e9bastien Chartier<\/strong>, Consejero Delegado de Creaventure y Co-Fundador del Sal\u00f3n MiEmpresa:<em>\u00a0\u201cLa VIII edici\u00f3n del Sal\u00f3n MiEmpresa tiene presente que para crecer hay que derribar barreras, por eso a trav\u00e9s de las actividades programadas queremos ayudar a los empresarios a superar los obst\u00e1culos que surjan en su camino y a fijar, sin temores, metas m\u00e1s ambiciosas\u201d.<\/em><\/p>\n<p>A trav\u00e9s de Twitter en<strong>\u00a0<a href=\\\"https:\/\/twitter.com\/salonmiempresa\\\">@salonmiempresa<\/a>\u00a0<\/strong>y el hashtag #SME2017, en<strong>\u00a0<\/strong><a href=\\\"https:\/\/www.facebook.com\/salonmiempresa\\\"><strong>Facebook<\/strong><\/a><strong>\u00a0<\/strong>y en<strong>\u00a0<\/strong><a href=\\\"https:\/\/www.linkedin.com\/company\/creaventure-sl\\\"><strong>LinkedIn<\/strong><\/a><strong>\u00a0<\/strong>se podr\u00e1n conocer todas las actividades y el ciclo de conferencias de las 10 salas tem\u00e1ticas<\/p>\n","protected":false},"excerpt":{"rendered":"<p>Tras siete exitosas ediciones, el\u00a0Sal\u00f3n MiEmpresa, consolidado como el&#8230;<\/p>\n","protected":false},"featured_media":7299,"template":"","meta":{"_acf_changed":false},"categories":[],"noticias":[],"class_list":["post-7298","noticias","type-noticias","status-publish","has-post-thumbnail","hentry"],"acf":[],"_links":{"self":[{"href":"https:\/\/test.madridemprende.anovagroup.es\/en\/wp-json\/wp\/v2\/noticias\/7298"}],"collection":[{"href":"https:\/\/test.madridemprende.anovagroup.es\/en\/wp-json\/wp\/v2\/noticias"}],"about":[{"href":"https:\/\/test.madridemprende.anovagroup.es\/en\/wp-json\/wp\/v2\/types\/noticias"}],"version-history":[{"count":0,"href":"https:\/\/test.madridemprende.anovagroup.es\/en\/wp-json\/wp\/v2\/noticias\/7298\/revisions"}],"wp:featuredmedia":[{"embeddable":true,"href":"https:\/\/test.madridemprende.anovagroup.es\/en\/wp-json\/wp\/v2\/media\/7299"}],"wp:attachment":[{"href":"https:\/\/test.madridemprende.anovagroup.es\/en\/wp-json\/wp\/v2\/media?parent=7298"}],"wp:term":[{"taxonomy":"category","embeddable":true,"href":"https:\/\/test.madridemprende.anovagroup.es\/en\/wp-json\/wp\/v2\/categories?post=7298"},{"taxonomy":"noticias","embeddable":true,"href":"https:\/\/test.madridemprende.anovagroup.es\/en\/wp-json\/wp\/v2\/noticias?post=7298"}],"curies":[{"name":"wp","href":"https:\/\/api.w.org\/{rel}","templated":true}]}}