{"id":7300,"date":"2016-12-29T00:00:00","date_gmt":"2016-12-29T00:00:00","guid":{"rendered":"https:\/\/pre.madridemprende.anovagroup.es\/noticias\/trinkhalle-mini-market-edicin-especial-reyes-magos\/"},"modified":"2022-06-08T11:24:52","modified_gmt":"2022-06-08T09:24:52","slug":"trinkhalle-mini-market-edicin-especial-reyes-magos","status":"publish","type":"noticias","link":"https:\/\/test.madridemprende.anovagroup.es\/en\/noticias\/trinkhalle-mini-market-edicin-especial-reyes-magos\/","title":{"rendered":"Trinkhalle Mini-market. Edici\u00f3n especial Reyes Magos"},"content":{"rendered":"<div style=\\\"text-align: justify;\\\"><span lang=\\\"ES-TRAD\\\" style=\\\"border: none; mso-ansi-language: ES-TRAD; mso-fareast-language: ES-TRAD; mso-no-proof: yes;\\\"><span style=\\\"border: none;\\\">Trinkhalle Mini Market, que se celebra el primer fin de semana de <span style=\\\"border: none;\\\">c<span style=\\\"border: none;\\\">ada mes, cel<span style=\\\"border: none;\\\">e<span style=\\\"border: none;\\\">brar\u00e1 una edici\u00f3n extraordinaria los d<span style=\\\"border: none;\\\">\u00ed<span style=\\\"border: none;\\\">as 3, 4 y 5 de enero con <span style=\\\"border: none;\\\">\u00a0<span style=\\\"border: none;\\\">motivo de los <span style=\\\"border: none;\\\">R<span style=\\\"border: none;\\\">eyes Magos.<\/span><\/span><\/span><\/span><\/span><\/span><\/span><\/span><\/span><\/span><\/span><\/span>\u00a0<\/div>\n<div style=\\\"text-align: justify;\\\"><span lang=\\\"ES-TRAD\\\">Para esta edici\u00f3n contar\u00e1 con los dise\u00f1adores como:<\/span><\/div>\n<div style=\\\"text-align: justify;\\\"><strong><span lang=\\\"ES-TRAD\\\">Juanita Banana <\/span><\/strong><span lang=\\\"ES-TRAD\\\">con ropa divertida, \u00fanica y exclusiva;<\/span><span class=\\\"st\\\"><strong><span lang=\\\"ES\\\">Crea con Coraz\u00f3n,<\/span><\/strong><\/span><span lang=\\\"ES\\\"> firma de ilustraci\u00f3n intimista, sincera y feminista;<strong> Leptidea, <\/strong>dise\u00f1o y elaboraci\u00f3n artesanal de complementos;\u00a0<strong>Cleta Handmade, <\/strong>dise\u00f1o y fabricaci\u00f3n de bolsos y complemento realizados en vinilo y serraje afelpado; <strong>Ann &#038; Ro Illustration, <\/strong>ilustraciones inquietantes con energ\u00eda y fuerza, tazas, cuadernos y regalos; <strong>Conspiradoras, <\/strong>joyer\u00eda inspirada en la magia y al poder de los astros. Vuelven otra vez <strong>Socketines<\/strong>, <strong>Mrs Sheriff<\/strong><\/span><span lang=\\\"ES-TRAD\\\">, <strong>We Are Kids y Hammels Sunglasses <\/strong>que presentar\u00e1n tambi\u00e9n su nueva marca de relojes <strong>Hadlow y Yacht<\/strong>.<\/span><\/div>\n<div style=\\\"text-align: justify;\\\"><span lang=\\\"ES-TRAD\\\">\u00a0<\/span><\/div>\n<div style=\\\"text-align: justify;\\\"><span lang=\\\"ES-TRAD\\\">Adem\u00e1s de las exposiciones, los asistentes podr\u00e1n disfrutar de la gastronom\u00eda del <strong>Trinkhalle Bar<\/strong>, el \u201cchiringuito\u201d del <strong>Espacio Trap\u00e9zio<\/strong> que contar\u00e1 con una carta de ricos c\u00f3cteles y sus conocidos platos de comida saludable y <\/span><span lang=\\\"ES\\\">postres artesanales.<\/span>\u00a0<\/div>\n<div style=\\\"text-align: justify;\\\"><span lang=\\\"ES\\\">Para m\u00e1s informaci\u00f3n puedes visitar la p\u00e1gina <a href=\\\"http:\/\/trinkhalleminimarket.com\/\\\" target=\\\"_blank\\\">Web http:\/\/trinkhalleminimarket.com\/<\/a>\u00a0o sus RRSS:<\/span>\u00a0<\/div>\n<div style=\\\"text-align: justify;\\\"><span style=\\\"mso-fareast-font-family: \\'\uff2d\uff33 \u660e\u671d\\'; mso-fareast-theme-font: minor-fareast; border: none; mso-fareast-language: ES;\\\">Twitter: @trinkhalleminimarket<\/span><\/div>\n<div style=\\\"text-align: justify;\\\"><span style=\\\"mso-fareast-font-family: \\'\uff2d\uff33 \u660e\u671d\\'; mso-fareast-theme-font: minor-fareast; border: none; mso-fareast-language: ES;\\\">Facebook: \/trinkhalleminimarket <\/span><\/div>\n<div style=\\\"text-align: justify;\\\"><span style=\\\"mso-fareast-font-family: \\'\uff2d\uff33 \u660e\u671d\\'; mso-fareast-theme-font: minor-fareast; border: none; mso-fareast-language: ES;\\\">Instagram: @trinkhalleminimarket<\/span><\/div>\n<div style=\\\"text-align: justify;\\\"><strong><span style=\\\"mso-fareast-font-family: \\'\uff2d\uff33 \u660e\u671d\\'; mso-fareast-theme-font: minor-fareast; color: #262626; border: none; mso-fareast-language: ES;\\\">\u00a0<\/span><\/strong>\u00a0 \u00a0<\/div>\n<div style=\\\"text-align: justify;\\\"><strong><span lang=\\\"DE\\\">Direcci\u00f3n : <\/span><\/strong><span lang=\\\"ES\\\">C\/ Augusto Figueroa, 24 <\/span><\/div>\n<div style=\\\"text-align: justify;\\\"><strong><span lang=\\\"ES\\\">Segunda Planta del Mercado San Ant\u00f3n<\/span><\/strong><\/div>\n<div style=\\\"text-align: justify;\\\"><strong><span lang=\\\"DE\\\">Tel\u00e9fono:<\/span><\/strong><span lang=\\\"ES\\\">91 330 07 30<\/span><\/div>\n<div style=\\\"text-align: justify;\\\"><strong><span lang=\\\"DE\\\">E-mail: <\/span><\/strong><a href=\\\"mailto:info@mercadosananton.com\\\"><span lang=\\\"ES\\\">info@mercadosananton.com<\/span><\/a><\/div>\n<div style=\\\"text-align: justify;\\\"><span lang=\\\"ES\\\" style=\\\"font-family: \\'Garamond\\',\\'serif\\'; mso-ansi-language: ES;\\\">\u00a0<\/span><\/div>\n","protected":false},"excerpt":{"rendered":"<p>Trinkhalle Mini Market, que se celebra el primer fin de semana de cada mes,&#8230;<\/p>\n","protected":false},"featured_media":7301,"template":"","meta":{"_acf_changed":false},"categories":[],"noticias":[],"class_list":["post-7300","noticias","type-noticias","status-publish","has-post-thumbnail","hentry"],"acf":[],"_links":{"self":[{"href":"https:\/\/test.madridemprende.anovagroup.es\/en\/wp-json\/wp\/v2\/noticias\/7300"}],"collection":[{"href":"https:\/\/test.madridemprende.anovagroup.es\/en\/wp-json\/wp\/v2\/noticias"}],"about":[{"href":"https:\/\/test.madridemprende.anovagroup.es\/en\/wp-json\/wp\/v2\/types\/noticias"}],"version-history":[{"count":0,"href":"https:\/\/test.madridemprende.anovagroup.es\/en\/wp-json\/wp\/v2\/noticias\/7300\/revisions"}],"wp:featuredmedia":[{"embeddable":true,"href":"https:\/\/test.madridemprende.anovagroup.es\/en\/wp-json\/wp\/v2\/media\/7301"}],"wp:attachment":[{"href":"https:\/\/test.madridemprende.anovagroup.es\/en\/wp-json\/wp\/v2\/media?parent=7300"}],"wp:term":[{"taxonomy":"category","embeddable":true,"href":"https:\/\/test.madridemprende.anovagroup.es\/en\/wp-json\/wp\/v2\/categories?post=7300"},{"taxonomy":"noticias","embeddable":true,"href":"https:\/\/test.madridemprende.anovagroup.es\/en\/wp-json\/wp\/v2\/noticias?post=7300"}],"curies":[{"name":"wp","href":"https:\/\/api.w.org\/{rel}","templated":true}]}}