{"id":7302,"date":"2016-12-30T00:00:00","date_gmt":"2016-12-30T00:00:00","guid":{"rendered":"https:\/\/pre.madridemprende.anovagroup.es\/noticias\/nueva-convocatoria-nica-de-acceso-a-la-reddeviveros-de-empresas\/"},"modified":"2022-06-08T11:24:52","modified_gmt":"2022-06-08T09:24:52","slug":"nueva-convocatoria-nica-de-acceso-a-la-reddeviveros-de-empresas","status":"publish","type":"noticias","link":"https:\/\/test.madridemprende.anovagroup.es\/en\/noticias\/nueva-convocatoria-nica-de-acceso-a-la-reddeviveros-de-empresas\/","title":{"rendered":"Nueva convocatoria \u00fanica de acceso a la #RedDeViveros de empresas"},"content":{"rendered":"<p class=\\\"MsoNormal\\\" style=\\\"text-align: justify; line-height: 120%; mso-layout-grid-align: none; text-autospace: none; margin: 18.0pt 0cm 9.0pt 0cm;\\\"><span style=\\\"font-size: 11.0pt; line-height: 120%; font-family: \\'Lato\\',sans-serif; mso-bidi-font-family: Arial; mso-bidi-font-weight: bold; mso-bidi-font-style: italic;\\\">Desde el pr\u00f3ximo lunes 2 de enero el tr\u00e1mite para solicitar acceso a los servicios de apoyo al emprendimiento en los despachos de la Red de viveros de empresas del Ayuntamiento es m\u00e1s f\u00e1cil, m\u00e1s sencillo; con una sola solicitud podr\u00e1s optar a los 6 viveros de empresas que forman la Red. <\/span><\/p>\n<p class=\\\"MsoNormal\\\" style=\\\"text-align: justify; line-height: 120%; margin: 6.0pt 0cm 6.0pt 0cm;\\\"><span style=\\\"font-size: 11.0pt; line-height: 120%; font-family: \\'Lato\\',sans-serif; mso-bidi-font-family: Arial;\\\">Los <\/span><a href=\\\"\/es\/emprendedores\/espacios-para-emprendedores\/que-son\\\"><span style=\\\"font-size: 11.0pt; line-height: 120%; font-family: \\'Lato\\',sans-serif; mso-bidi-font-family: Arial;\\\">viveros de empresas<\/span><\/a><span style=\\\"font-size: 11.0pt; line-height: 120%; font-family: \\'Lato\\',sans-serif; mso-bidi-font-family: Arial;\\\">, gestionados por la Direcci\u00f3n General de Comercio y Emprendimiento, son espacios f\u00edsicos de titularidad p\u00fablica municipal dirigidos a la promoci\u00f3n de las iniciativas emprendedoras que combina la utilizaci\u00f3n de despachos con el asesoramiento en la gesti\u00f3n empresarial y la prestaci\u00f3n de unos servicios comunes para cubrir as\u00ed las necesidades b\u00e1sicas que permitan el establecimiento, despegue y consolidaci\u00f3n de nuevas empresas durante los primeros a\u00f1os de su vida, mediante el pago de un precio p\u00fablico aprobado por el Pleno del Ayuntamiento de Madrid.<\/span><\/p>\n<p class=\\\"MsoNormal\\\" style=\\\"line-height: 120%; margin: 6.0pt 0cm 6.0pt 0cm;\\\"><span style=\\\"font-size: 11.0pt; line-height: 120%; font-family: \\'Lato\\',sans-serif; mso-bidi-font-family: Arial;\\\">Puedes consultar <\/span><a href=\\\"\/es\/emprendedores\/espacios-para-emprendedores\/viveros-de-empresas\\\"><span style=\\\"font-size: 11.0pt; line-height: 120%; font-family: \\'Lato\\',sans-serif; mso-bidi-font-family: Arial;\\\">aqu\u00ed<\/span><\/a><span style=\\\"font-size: 11.0pt; line-height: 120%; font-family: \\'Lato\\',sans-serif; mso-bidi-font-family: Arial;\\\"> la ubicaci\u00f3n y caracter\u00edsticas de los 6 centros que forman la Red.<\/span><\/p>\n<p class=\\\"MsoNormal\\\" style=\\\"text-align: justify; line-height: 120%; mso-layout-grid-align: none; text-autospace: none; margin: 6.0pt 0cm 9.0pt 0cm;\\\"><span style=\\\"font-size: 11.0pt; line-height: 120%; font-family: \\'Lato\\',sans-serif; mso-bidi-font-family: Arial;\\\">Con esta resoluci\u00f3n se propone aprobar una \u00fanica convocatoria para toda la red de viveros, modificando los procedimientos establecidos hasta ahora con una notable reducci\u00f3n de las cargas y barreras burocr\u00e1ticas en la actividad administrativa. En consecuencia, conseguir una administraci\u00f3n m\u00e1s \u00e1gil, eficaz y eficiente que pueda satisfacer las demandas y necesidades de la ciudadan\u00eda, y garantizar los principios de simplificaci\u00f3n, modernizaci\u00f3n y racionalizaci\u00f3n administrativa.<br \/><\/span><strong><span style=\\\"font-size: 11.0pt; line-height: 120%; font-family: \\'Lato\\',sans-serif; mso-bidi-font-family: Arial;\\\"><br \/>Novedades m\u00e1s importantes<\/span><\/strong><\/p>\n<ul>\n<li><span style=\\\"font-family: Lato, sans-serif; font-size: 11pt; line-height: 120%;\\\">Una sola solicitud para poder acceder a los despachos disponibles en cualquiera de los 6 centros que forman la Red.<\/span><\/li>\n<li><span style=\\\"font-family: Lato, sans-serif; font-size: 11pt; line-height: 120%;\\\">Simplificaci\u00f3n y reducci\u00f3n de la documentaci\u00f3n a presentar.<\/span><\/li>\n<li><span style=\\\"font-family: Lato, sans-serif; font-size: 11pt; line-height: 120%;\\\">Se suprime la orientaci\u00f3n sectorial preferente de los viveros.<\/span><\/li>\n<li><span style=\\\"font-family: Lato, sans-serif; font-size: 11pt; line-height: 120%;\\\">Modificaci\u00f3n de los criterios de valoraci\u00f3n de las solicitudes, ponderando de forma especial los<\/span><span style=\\\"font-family: Lato, sans-serif; font-size: 11pt; line-height: 120%;\\\"> proyectos empresariales de car\u00e1cter innovador, proyectos de<\/span><span style=\\\"font-family: Lato, sans-serif; font-size: 11pt; line-height: 120%;\\\"> emprendimiento social y, en general, los p<\/span><span style=\\\"font-family: Lato, sans-serif; font-size: 11pt; line-height: 120%;\\\">royectos tutorizados o mentorizados en espacios compartidos de la red de viveros de empresas<\/span><span style=\\\"font-family: Lato, sans-serif; font-size: 11pt; line-height: 120%;\\\">.<\/span><\/li>\n<li><span style=\\\"font-family: Lato, sans-serif; font-size: 11pt; line-height: 120%; text-indent: -17.85pt;\\\">En caso de empate en la puntuaci\u00f3n se utilizar\u00e1 como criterio de desempate que el empresario individual solicitante o alguno de los socios solicitantes sean personas con diversidad funcional, con un porcentaje de discapacidad m\u00ednimo del 33. En caso de mantenerse el empate, se dar\u00e1 prioridad a las empresas que est\u00e9n participadas en m\u00e1s del 50% por j\u00f3venes menores de 35 a\u00f1os<\/span><\/li>\n<\/ul>\n<p><span style=\\\"font-family: Lato, sans-serif; font-size: 11pt; line-height: 120%;\\\">Si eres una empresa de nueva creaci\u00f3n o una empresa con una <\/span><strong style=\\\"font-family: Lato, sans-serif; font-size: 11pt; line-height: 120%;\\\">antig\u00fcedad m\u00e1xima de 5 a\u00f1os<\/strong><span style=\\\"font-family: Lato, sans-serif; font-size: 11pt; line-height: 120%;\\\"> en el inicio de la actividad econ\u00f3mica, puedes acceder a estos servicios de apoyo al emprendimiento que el Ayuntamiento de Madrid ofrece a los ciudadanos en los despachos de <\/span>la Red<span style=\\\"font-family: Lato, sans-serif; font-size: 11pt; line-height: 120%;\\\"> de viveros de empresas.<\/span>\u00a0<\/p>\n<p class=\\\"MsoNormal\\\" style=\\\"text-align: justify; line-height: 120%; tab-stops: 18.0pt; mso-layout-grid-align: none; text-autospace: none; margin: 6.0pt 0cm 6.0pt 0cm;\\\"><span style=\\\"font-size: 11.0pt; line-height: 120%; font-family: \\'Lato\\',sans-serif; mso-bidi-font-family: Arial;\\\">Igualmente puedes acceder a estos mismos servicios si eres una persona (o grupos de personas f\u00edsicas) que cuenten con un proyecto empresarial, siempre que te comprometas a iniciar actividad en el plazo de 30 d\u00edas naturales desde la fecha de efectos establecida en la Resoluci\u00f3n de autorizaci\u00f3n para utilizar el despacho y prestaci\u00f3n de servicios.<\/span><\/p>\n<p class=\\\"MsoNormal\\\" style=\\\"text-align: justify; line-height: 120%; tab-stops: 18.0pt; mso-layout-grid-align: none; text-autospace: none; margin: 6.0pt 0cm 6.0pt 0cm;\\\"><span style=\\\"font-size: 11.0pt; line-height: 120%; font-family: \\'Lato\\',sans-serif; mso-bidi-font-family: Arial;\\\">Es requisito indispensable adjuntar a la solicitud el Plan de Empresa, adem\u00e1s de la documentaci\u00f3n requerida en cada uno de los supuestos.<br \/><\/span><span style=\\\"font-size: 11.0pt; line-height: 120%; font-family: \\'Lato\\',sans-serif; mso-bidi-font-family: Arial;\\\"><br \/>Puedes consultar <\/span><a href=\\\"\/es\/emprendedores\/espacios-para-emprendedores\/nueva-convocatoria-unica-de-la-red-de-viveros-de-empresas\\\"><span class=\\\"MsoHyperlink\\\">AQU\u00cd<\/span><\/a><span style=\\\"font-size: 11.0pt; line-height: 120%; font-family: \\'Lato\\',sans-serif; mso-bidi-font-family: Arial;\\\"> todos los detalles de la convocatoria.\u00a0<\/span><\/p>\n","protected":false},"excerpt":{"rendered":"<p>Desde el pr\u00f3ximo lunes 2 de enero el tr\u00e1mite para solicitar acceso a los&#8230;<\/p>\n","protected":false},"featured_media":7303,"template":"","meta":{"_acf_changed":false},"categories":[],"noticias":[],"class_list":["post-7302","noticias","type-noticias","status-publish","has-post-thumbnail","hentry"],"acf":[],"_links":{"self":[{"href":"https:\/\/test.madridemprende.anovagroup.es\/en\/wp-json\/wp\/v2\/noticias\/7302"}],"collection":[{"href":"https:\/\/test.madridemprende.anovagroup.es\/en\/wp-json\/wp\/v2\/noticias"}],"about":[{"href":"https:\/\/test.madridemprende.anovagroup.es\/en\/wp-json\/wp\/v2\/types\/noticias"}],"version-history":[{"count":0,"href":"https:\/\/test.madridemprende.anovagroup.es\/en\/wp-json\/wp\/v2\/noticias\/7302\/revisions"}],"wp:featuredmedia":[{"embeddable":true,"href":"https:\/\/test.madridemprende.anovagroup.es\/en\/wp-json\/wp\/v2\/media\/7303"}],"wp:attachment":[{"href":"https:\/\/test.madridemprende.anovagroup.es\/en\/wp-json\/wp\/v2\/media?parent=7302"}],"wp:term":[{"taxonomy":"category","embeddable":true,"href":"https:\/\/test.madridemprende.anovagroup.es\/en\/wp-json\/wp\/v2\/categories?post=7302"},{"taxonomy":"noticias","embeddable":true,"href":"https:\/\/test.madridemprende.anovagroup.es\/en\/wp-json\/wp\/v2\/noticias?post=7302"}],"curies":[{"name":"wp","href":"https:\/\/api.w.org\/{rel}","templated":true}]}}