{"id":7304,"date":"2016-12-30T00:00:00","date_gmt":"2016-12-30T00:00:00","guid":{"rendered":"https:\/\/pre.madridemprende.anovagroup.es\/noticias\/concierto-de-clausura-del-coro-de-jvenes-de-madrid-en-el-mercado-municipal-de-vallehermoso\/"},"modified":"2022-06-08T11:24:52","modified_gmt":"2022-06-08T09:24:52","slug":"concierto-de-clausura-del-coro-de-jvenes-de-madrid-en-el-mercado-municipal-de-vallehermoso","status":"publish","type":"noticias","link":"https:\/\/test.madridemprende.anovagroup.es\/en\/noticias\/concierto-de-clausura-del-coro-de-jvenes-de-madrid-en-el-mercado-municipal-de-vallehermoso\/","title":{"rendered":"Concierto de clausura del Coro de J\u00f3venes de Madrid en el Mercado municipal de Vallehermoso"},"content":{"rendered":"<p><span style=\\\"font-family: tahoma, arial, helvetica, sans-serif; font-size: 10pt;\\\"><span lang=\\\"ES-TRAD\\\">El <span style=\\\"background: white; mso-bidi-font-weight: bold;\\\">\u00a0<\/span><\/span><span lang=\\\"ES-TRAD\\\"><a href=\\\"http:\/\/www.corojovenesmadrid.com\/asociacion\\\" target=\\\"_blank\\\">Coro de J\u00f3venes de Madrid<\/a><\/span><span lang=\\\"ES-TRAD\\\"> ha amenizado desde el pasado 9 de diciembre las compras a trav\u00e9s de 44 conciertos\u00a0 en otros tantos <\/span><span lang=\\\"ES-TRAD\\\"><a href=\\\"\/es\/mercados\/mercados-de-madrid\\\">mercados municipales de Madrid<\/a>,<\/span><span lang=\\\"ES-TRAD\\\"> fundiendo gastronom\u00eda y consumo,\u00a0 finalizando el 29 de diciembre con el concierto de clausura en el Mercado municipal de Vallehermoso.<\/span> <\/span><\/p>\n<p><span style=\\\"font-family: tahoma, arial, helvetica, sans-serif; font-size: 10pt;\\\"><span lang=\\\"ES-TRAD\\\">Como en a\u00f1os anteriores, los Mercados de Madrid han querido celebrar la Navidad y ofrecer a todos los que quieran visitarlos un <\/span><span lang=\\\"ES-TRAD\\\"><a href=\\\"\/images\/public\/source\/MERCADOS\/NAVIDAD%202016\/cartel%20mercados%20navidad%20medio%20baja.jpg\\\">Programa de Conciertos<\/a><\/span><span lang=\\\"ES-TRAD\\\"> promovido por el \u00c1rea de Gobierno de Equidad, Derechos Sociales y Empleo que se desarrolla a trav\u00e9s de la <a href=\\\"\/es\\\">Direcci\u00f3n de Comercio y Emprendimiento<\/a>.<\/span> <\/span><\/p>\n<p><span style=\\\"font-family: tahoma, arial, helvetica, sans-serif; font-size: 10pt;\\\"><span lang=\\\"ES-TRAD\\\">El <\/span><span lang=\\\"ES-TRAD\\\"><a href=\\\"http:\/\/www.corojovenesmadrid.com\/asociacion\\\" target=\\\"_blank\\\"><span style=\\\"color: windowtext; text-decoration: none;\\\">Coro de J\u00f3venes de Madrid<\/span><\/a><\/span><span lang=\\\"ES-TRAD\\\"> es un proyecto de la Asociaci\u00f3n Juvenil Coro de J\u00f3venes de Madrid, integrado por unos 80 cantantes de edades comprendidas entre los 15 y los 25 a\u00f1os, bajo la direcci\u00f3n art\u00edstica de Juan Pablo de Juan y la coordinaci\u00f3n t\u00e9cnica de Rennier Pi\u00f1er.<\/span><\/span><\/p>\n<p><span style=\\\"font-family: tahoma, arial, helvetica, sans-serif; font-size: 10pt;\\\"> Sus voces han sorprendido a lo largo de sus 44 conciertos a los clientes y comerciantes de los mercados con su repertorio de villancicos de siempre y canciones que forman parte de la banda sonora de nuestra vida. De esta forma, durante el mes de diciembre, los Mercados de Madrid han ofrecido, junto a la calidad de sus productos, un ambiente cultural y de ocio para que mayores y peque\u00f1os disfruten del mercado de su barrio como un lugar m\u00e1s de divertimento. <\/span><\/p>\n<p><span style=\\\"font-family: tahoma, arial, helvetica, sans-serif; font-size: 10pt;\\\"><strong><span lang=\\\"ES-TRAD\\\">Concha D\u00edaz de Villegas<\/span><\/strong><span lang=\\\"ES-TRAD\\\">, Directora General de Comercio y Emprendimiento, resalt\u00f3 en la jornada inaugural la importancia de los Mercados Municipales como<\/span><em>\u201c<\/em><em><span lang=\\\"ES-TRAD\\\">equipamientos que son el sitio ideal para comprar durante todo el a\u00f1o, pero desde luego, ineludibles en Navidad, como el sitio donde mejores productos vas a encontrar para tus celebraciones<\/span><\/em><span lang=\\\"ES-TRAD\\\">\u201d .<\/span><\/span><\/p>\n","protected":false},"excerpt":{"rendered":"<p>El \u00a0Coro de J\u00f3venes de Madrid ha amenizado desde el pasado 9 de diciembre&#8230;<\/p>\n","protected":false},"featured_media":7305,"template":"","meta":{"_acf_changed":false},"categories":[],"noticias":[],"class_list":["post-7304","noticias","type-noticias","status-publish","has-post-thumbnail","hentry"],"acf":[],"_links":{"self":[{"href":"https:\/\/test.madridemprende.anovagroup.es\/en\/wp-json\/wp\/v2\/noticias\/7304"}],"collection":[{"href":"https:\/\/test.madridemprende.anovagroup.es\/en\/wp-json\/wp\/v2\/noticias"}],"about":[{"href":"https:\/\/test.madridemprende.anovagroup.es\/en\/wp-json\/wp\/v2\/types\/noticias"}],"version-history":[{"count":0,"href":"https:\/\/test.madridemprende.anovagroup.es\/en\/wp-json\/wp\/v2\/noticias\/7304\/revisions"}],"wp:featuredmedia":[{"embeddable":true,"href":"https:\/\/test.madridemprende.anovagroup.es\/en\/wp-json\/wp\/v2\/media\/7305"}],"wp:attachment":[{"href":"https:\/\/test.madridemprende.anovagroup.es\/en\/wp-json\/wp\/v2\/media?parent=7304"}],"wp:term":[{"taxonomy":"category","embeddable":true,"href":"https:\/\/test.madridemprende.anovagroup.es\/en\/wp-json\/wp\/v2\/categories?post=7304"},{"taxonomy":"noticias","embeddable":true,"href":"https:\/\/test.madridemprende.anovagroup.es\/en\/wp-json\/wp\/v2\/noticias?post=7304"}],"curies":[{"name":"wp","href":"https:\/\/api.w.org\/{rel}","templated":true}]}}