{"id":7308,"date":"2017-01-09T00:00:00","date_gmt":"2017-01-09T00:00:00","guid":{"rendered":"https:\/\/pre.madridemprende.anovagroup.es\/noticias\/gastroletras-2017-ruta-de-las-tapas-en-el-barrio-de-las-letras-del-19-al-29-de-enero\/"},"modified":"2022-06-08T11:24:51","modified_gmt":"2022-06-08T09:24:51","slug":"gastroletras-2017-ruta-de-las-tapas-en-el-barrio-de-las-letras-del-19-al-29-de-enero","status":"publish","type":"noticias","link":"https:\/\/test.madridemprende.anovagroup.es\/en\/noticias\/gastroletras-2017-ruta-de-las-tapas-en-el-barrio-de-las-letras-del-19-al-29-de-enero\/","title":{"rendered":"Gastroletras 2017. Ruta de las tapas en el barrio de las Letras. Del 19 al 29 de enero."},"content":{"rendered":"<div style=\\\"text-align: justify;\\\">Del 19 al 29 de enero de 2017 se desarrollar\u00e1 la segunda edici\u00f3n de Gastroletras en el barrio de las Letras de Madrid. El evento, organizado por la Asociaci\u00f3n de Hosteler\u00eda de la Comunidad de Madrid, La Vi\u00f1a, cuenta con la colaboraci\u00f3n del Ayuntamiento de Madrid a trav\u00e9s del \u00c1rea de Gobierno de Equidad, Derechos Sociales y Empleo, y el patrocinio de la empresa Mahou.<\/div>\n<div style=\\\"text-align: justify;\\\">La acci\u00f3n, que conjuga a la perfecci\u00f3n gastronom\u00eda y arte, pretende dinamizar el comercio y hosteler\u00eda de la zona animando al p\u00fablico a recorrer las calles de este emblem\u00e1tico barrio para disfrutar de diversas actividades culturales que girar\u00e1n en torno a la poes\u00eda, al mismo tiempo que se\u00a0saborean las originales tapas inspiradas en la poes\u00eda que ofrecer\u00e1n los establecimientos de hosteler\u00eda adheridos al evento, acompa\u00f1ados de un botell\u00edn de cerveza Mahou.<\/p>\n<p>Son ya m\u00faltiples los establecimientos adheridos, tanto bares, tabernas y restaurantes, como librer\u00edas, galer\u00edas de arte o colectivos art\u00edsticos.<\/p>\n<p>Entre las acciones culturales que se desarrollar\u00e1n destacan:<\/p>\n<p>-Concurso de micro-poemas y fotograf\u00eda.<br \/>-Actuaciones musicales y exposiciones de fotograf\u00eda y pintura en locales.\u00a0<br \/>-Descuentos y promociones en librer\u00edas.<br \/>-Rutas guiadas teatralizadas.<\/p>\n<p><a href=\\\"\/images\/public\/source\/COMERCIO\/GASTROLETRAS 2017\/BASES GASTROLETRAS 2017 OK.PDF\\\" target=\\\"_blank\\\">Pincha aqu\u00ed<\/a>\u00a0para conocer las bases para participar en gastroletras 2017 como establecimiento.<\/div>\n","protected":false},"excerpt":{"rendered":"<p>Del 19 al 29 de enero de 2017 se desarrollar\u00e1 la segunda edici\u00f3n de&#8230;<\/p>\n","protected":false},"featured_media":7309,"template":"","meta":{"_acf_changed":false},"categories":[],"noticias":[],"class_list":["post-7308","noticias","type-noticias","status-publish","has-post-thumbnail","hentry"],"acf":[],"_links":{"self":[{"href":"https:\/\/test.madridemprende.anovagroup.es\/en\/wp-json\/wp\/v2\/noticias\/7308"}],"collection":[{"href":"https:\/\/test.madridemprende.anovagroup.es\/en\/wp-json\/wp\/v2\/noticias"}],"about":[{"href":"https:\/\/test.madridemprende.anovagroup.es\/en\/wp-json\/wp\/v2\/types\/noticias"}],"version-history":[{"count":0,"href":"https:\/\/test.madridemprende.anovagroup.es\/en\/wp-json\/wp\/v2\/noticias\/7308\/revisions"}],"wp:featuredmedia":[{"embeddable":true,"href":"https:\/\/test.madridemprende.anovagroup.es\/en\/wp-json\/wp\/v2\/media\/7309"}],"wp:attachment":[{"href":"https:\/\/test.madridemprende.anovagroup.es\/en\/wp-json\/wp\/v2\/media?parent=7308"}],"wp:term":[{"taxonomy":"category","embeddable":true,"href":"https:\/\/test.madridemprende.anovagroup.es\/en\/wp-json\/wp\/v2\/categories?post=7308"},{"taxonomy":"noticias","embeddable":true,"href":"https:\/\/test.madridemprende.anovagroup.es\/en\/wp-json\/wp\/v2\/noticias?post=7308"}],"curies":[{"name":"wp","href":"https:\/\/api.w.org\/{rel}","templated":true}]}}