{"id":7314,"date":"2017-01-23T00:00:00","date_gmt":"2017-01-23T00:00:00","guid":{"rendered":"https:\/\/pre.madridemprende.anovagroup.es\/noticias\/abiertas-las-inscripciones-de-la-escuela-secot-de-emprendedores\/"},"modified":"2022-06-08T11:24:50","modified_gmt":"2022-06-08T09:24:50","slug":"abiertas-las-inscripciones-de-la-escuela-secot-de-emprendedores","status":"publish","type":"noticias","link":"https:\/\/test.madridemprende.anovagroup.es\/en\/noticias\/abiertas-las-inscripciones-de-la-escuela-secot-de-emprendedores\/","title":{"rendered":"Abiertas las inscripciones de la Escuela Secot de Emprendedores"},"content":{"rendered":"<p>La Escuela Secot de Emprendedores &#8211; eSemp &#8211; inicia el d\u00eda 13 de febrero el decimoprimer ciclo de cursos.\u00a0Si piensas en emprender a continuaci\u00f3n puedes ver unas orientaci\u00f3nes sobre los cursos de la eSemp<\/p>\n<p>El curso de <a href=\\\"https:\/\/sites.google.com\/site\/escuelasecotdeemprendedores\/oferta-formativa\/marketing\\\">Iniciaci\u00f3n al Marketing y a la Gesti\u00f3n Comercial<\/a> es el curso en el que debes inscribirte si tienes dudas sobre c\u00f3mo vender y si el marketing es una ciencia misteriosa y oculta para ti.<\/p>\n<p>El curso de <a href=\\\"https:\/\/sites.google.com\/site\/escuelasecotdeemprendedores\/oferta-formativa\/gestion-financiero-admva\\\">La gesti\u00f3n financiero administrativa en una PYME o micro-empresa<\/a> es un curso pensado para ti si tienes un proyecto de emprendimiento, pero tienes muchas dudas sobre los tr\u00e1mites administrativos para poner en marcha tu proyecto, los aspectos financieros del mismo y todas las obligaciones que implica<\/p>\n<p>El curso de <a href=\\\"https:\/\/sites.google.com\/site\/escuelasecotdeemprendedores\/oferta-formativa\/curso-1-formacion-integral-para-el-emprendimiento\\\">Formaci\u00f3n Integral para el emprendimiento<\/a> es tu curso si tienes inquietudes emprendedoras, pero no sabes por d\u00f3nde empezar. Su duraci\u00f3n es de 72 horas (repartidos en 18 jornadas de 4 horas) e incluye todos los temas importantes para un emprendedor.<\/p>\n<p>El curso de <a href=\\\"https:\/\/sites.google.com\/site\/escuelasecotdeemprendedores\/oferta-formativa\/habilidadesyconocimientos\\\">Competencias y habilidades del emprendedor<\/a> te resultara imprescindible si est\u00e1s pensando en emprender, pero no sabes c\u00f3mo hacerlo. En ese curso te introducimos a la Metodolog\u00eda Lean StartUp para emprendedores y te proporcionamos los conocimientos que no encontrar\u00e1s en ning\u00fan otro lugar como: Calidad y Medio Ambiente, Trabajo en equipo o Gesti\u00f3n del tiempo.<\/p>\n<p>Tienes que realizar un <a href=\\\"https:\/\/sites.google.com\/site\/escuelasecotdeemprendedores\/oferta-formativa\/seminario-plan-de-empresa\\\">Seminario Plan de Empresa<\/a> si est\u00e1s pensando en un proyecto de emprendimiento y no tienes ni idea de los compromisos que ello comporta. Es tu curso si tienes prisa por empezar antes de que otros se te adelanten (dura solo 6 d\u00edas)<\/p>\n<p>Tienes que asistir a un <a href=\\\"https:\/\/sites.google.com\/site\/escuelasecotdeemprendedores\/oferta-formativa\/curso-6-seminario-lean-startup\\\">Seminario Lean Startup<\/a><strong>, <\/strong>si te has planteado emprender, pero todav\u00eda no te has hecho las preguntas necesarias que debe plantearse todo emprendedor<\/p>\n<p>\u00bfEres emprendedor, pero no sabes utilizar las redes sociales? Si eso es as\u00ed, tienes que asistir a una de nuestras sesiones de <a href=\\\"https:\/\/sites.google.com\/site\/escuelasecotdeemprendedores\/curso-7-estrategia-digital-en-rr-ss-para-los-negocios\\\">Estrategia de RR.SS. para los negocios<\/a><strong>.<\/strong><\/p>\n<p>El plazo de inscripci\u00f3n finaliza 10 d\u00edas antes del comienzo de cada curso, revisa detenidamente las convocatorias para llegar a tiempo. Inscr\u00edbete cuanto antes, ya que por razones de organizaci\u00f3n, la Escuela se reserva el derecho a cerrar la inscripci\u00f3n antes de este plazo, una vez cubiertas las plazas.<\/p>\n<p>Consulta <a href=\\\"https:\/\/sites.google.com\/site\/escuelasecotdeemprendedores\/oferta-formativa\\\">AQU\u00cd<\/a> la oferta formativa<\/p>\n","protected":false},"excerpt":{"rendered":"<p>La Escuela Secot de Emprendedores &#8211; eSemp &#8211; inicia el d\u00eda 13 de febrero el&#8230;<\/p>\n","protected":false},"featured_media":7315,"template":"","meta":{"_acf_changed":false},"categories":[],"noticias":[],"class_list":["post-7314","noticias","type-noticias","status-publish","has-post-thumbnail","hentry"],"acf":[],"_links":{"self":[{"href":"https:\/\/test.madridemprende.anovagroup.es\/en\/wp-json\/wp\/v2\/noticias\/7314"}],"collection":[{"href":"https:\/\/test.madridemprende.anovagroup.es\/en\/wp-json\/wp\/v2\/noticias"}],"about":[{"href":"https:\/\/test.madridemprende.anovagroup.es\/en\/wp-json\/wp\/v2\/types\/noticias"}],"version-history":[{"count":0,"href":"https:\/\/test.madridemprende.anovagroup.es\/en\/wp-json\/wp\/v2\/noticias\/7314\/revisions"}],"wp:featuredmedia":[{"embeddable":true,"href":"https:\/\/test.madridemprende.anovagroup.es\/en\/wp-json\/wp\/v2\/media\/7315"}],"wp:attachment":[{"href":"https:\/\/test.madridemprende.anovagroup.es\/en\/wp-json\/wp\/v2\/media?parent=7314"}],"wp:term":[{"taxonomy":"category","embeddable":true,"href":"https:\/\/test.madridemprende.anovagroup.es\/en\/wp-json\/wp\/v2\/categories?post=7314"},{"taxonomy":"noticias","embeddable":true,"href":"https:\/\/test.madridemprende.anovagroup.es\/en\/wp-json\/wp\/v2\/noticias?post=7314"}],"curies":[{"name":"wp","href":"https:\/\/api.w.org\/{rel}","templated":true}]}}