{"id":7318,"date":"2017-01-26T00:00:00","date_gmt":"2017-01-26T00:00:00","guid":{"rendered":"https:\/\/pre.madridemprende.anovagroup.es\/noticias\/madrid-capital-de-moda-zonas-comerciales-de-madrid\/"},"modified":"2022-06-08T11:24:37","modified_gmt":"2022-06-08T09:24:37","slug":"madrid-capital-de-moda-zonas-comerciales-de-madrid","status":"publish","type":"noticias","link":"https:\/\/test.madridemprende.anovagroup.es\/en\/noticias\/madrid-capital-de-moda-zonas-comerciales-de-madrid\/","title":{"rendered":"Madrid Capital de Moda: Zonas Comerciales de Madrid"},"content":{"rendered":"<p>Unir fuerzas entre todas las personas que trabajan por la moda en nuestra ciudad, englobar todos los eventos de moda, crear una gu\u00eda de todo lo que ocurre en Madrid en moda, belleza y decoraci\u00f3n, dar visibilidad a las propuestas m\u00e1s relevantes que hacen de Madrid una capital de moda en el \u00e1mbito internacional\u2026<\/p>\n<p>Estos son los objetivos con los que el Ayuntamiento de Madrid\u00a0 lanz\u00f3 la iniciativa <a href=\\\"http:\/\/www.madridcapitaldemoda.com\/\\\">Madrid Capital de Moda (MCDM)<\/a>. Dentro de ella se presentan las <strong>Zonas Comerciales de Madrid<\/strong>.<\/p>\n<p>Con la finalidad de darlas a conocer, el Ayuntamiento de Madrid ha participado con un stand en <strong>FITUR Shopping<\/strong>, a trav\u00e9s de su <a href=\\\"\/es\\\">Direcci\u00f3n General de Comercio y Emprendimiento<\/a>. <strong>FITUR Shopping<\/strong>, ha sido el primer encuentro internacional de la industria del turismo de compras, y ha formado parte de la Feria Internacional de Turismo <strong>FITUR 2017<\/strong>. Esta feria, que ha convertido a nuestra ciudad en escaparate del turismo internacional, ha tenido lugar en Madrid del 18 al 22 de enero.<br \/>\u00a0<br \/><strong>Madrid tiene una zona perfecta para cualquier preferencia de compras<\/strong>.\u00a0 Aqu\u00ed tienes varios v\u00eddeos para descubrir de forma visual las <strong>Zonas Comerciales de Madrid<\/strong>, y <a href=\\\"\/images\/public\/source\/COMERCIO\/NOTICIAS\/Madridmodaproduccion.pdf\\\" target=\\\"_blank\\\">un folleto informativo<\/a>\u00a0para desplazarte c\u00f3modamente en autob\u00fas por todas ellas.<\/p>\n<p><iframe src=\\\"https:\/\/www.youtube.com\/embed\/3duJ1eZpORY\\\" width=\\\"560\\\" height=\\\"315\\\" frameborder=\\\"0\\\" allowfullscreen=\\\"\\\"><\/iframe> <iframe src=\\\"https:\/\/www.youtube.com\/embed\/c3AAcFxlKqU\\\" width=\\\"560\\\" height=\\\"315\\\" frameborder=\\\"0\\\" allowfullscreen=\\\"\\\"><\/iframe> <iframe src=\\\"https:\/\/www.youtube.com\/embed\/92OOnOvxz1o\\\" width=\\\"560\\\" height=\\\"315\\\" frameborder=\\\"0\\\" allowfullscreen=\\\"\\\"><\/iframe> <iframe src=\\\"https:\/\/www.youtube.com\/embed\/PUmFYWnXxi8\\\" width=\\\"560\\\" height=\\\"315\\\" frameborder=\\\"0\\\" allowfullscreen=\\\"\\\"><\/iframe> <iframe src=\\\"https:\/\/www.youtube.com\/embed\/ETsmBccMXhQ\\\" width=\\\"560\\\" height=\\\"315\\\" frameborder=\\\"0\\\" allowfullscreen=\\\"\\\"><\/iframe><\/p>\n","protected":false},"excerpt":{"rendered":"<p>Unir fuerzas entre todas las personas que trabajan por la moda en nuestra&#8230;<\/p>\n","protected":false},"featured_media":7319,"template":"","meta":{"_acf_changed":false},"categories":[],"noticias":[],"class_list":["post-7318","noticias","type-noticias","status-publish","has-post-thumbnail","hentry"],"acf":[],"_links":{"self":[{"href":"https:\/\/test.madridemprende.anovagroup.es\/en\/wp-json\/wp\/v2\/noticias\/7318"}],"collection":[{"href":"https:\/\/test.madridemprende.anovagroup.es\/en\/wp-json\/wp\/v2\/noticias"}],"about":[{"href":"https:\/\/test.madridemprende.anovagroup.es\/en\/wp-json\/wp\/v2\/types\/noticias"}],"version-history":[{"count":0,"href":"https:\/\/test.madridemprende.anovagroup.es\/en\/wp-json\/wp\/v2\/noticias\/7318\/revisions"}],"wp:featuredmedia":[{"embeddable":true,"href":"https:\/\/test.madridemprende.anovagroup.es\/en\/wp-json\/wp\/v2\/media\/7319"}],"wp:attachment":[{"href":"https:\/\/test.madridemprende.anovagroup.es\/en\/wp-json\/wp\/v2\/media?parent=7318"}],"wp:term":[{"taxonomy":"category","embeddable":true,"href":"https:\/\/test.madridemprende.anovagroup.es\/en\/wp-json\/wp\/v2\/categories?post=7318"},{"taxonomy":"noticias","embeddable":true,"href":"https:\/\/test.madridemprende.anovagroup.es\/en\/wp-json\/wp\/v2\/noticias?post=7318"}],"curies":[{"name":"wp","href":"https:\/\/api.w.org\/{rel}","templated":true}]}}