{"id":7320,"date":"2017-02-12T00:00:00","date_gmt":"2017-02-12T00:00:00","guid":{"rendered":"https:\/\/pre.madridemprende.anovagroup.es\/noticias\/nuevos-talleres-de-cocina-saludable-en-los-mercados-municipales-con-chef-pepo\/"},"modified":"2022-06-08T11:24:35","modified_gmt":"2022-06-08T09:24:35","slug":"nuevos-talleres-de-cocina-saludable-en-los-mercados-municipales-con-chef-pepo","status":"publish","type":"noticias","link":"https:\/\/test.madridemprende.anovagroup.es\/en\/noticias\/nuevos-talleres-de-cocina-saludable-en-los-mercados-municipales-con-chef-pepo\/","title":{"rendered":"Nuevos talleres de cocina saludable en los Mercados Municipales con Chef Pepo"},"content":{"rendered":"<p class=\\\"MsoNormal\\\" style=\\\"text-align: justify;\\\">\u00a0<\/p>\n<p class=\\\"MsoNormal\\\" style=\\\"text-align: justify;\\\"><span lang=\\\"ES\\\" style=\\\"font-size: 12.0pt; line-height: 115%; mso-ansi-language: ES;\\\">Chef pepo cocinar\u00e1 una vez m\u00e1s en los <a href=\\\"\/es\/mercados\\\" target=\\\"_blank\\\">Mercados Municipales<\/a>. Con el apoyo de la <strong>Direcci\u00f3n General de Comercio y Emprendimiento del Ayuntamiento de Madrid<\/strong>, <a href=\\\"http:\/\/interporc.com\/\\\" target=\\\"_blank\\\">la Interprofesional del Porcino de Capa Blanca (INTERPORC)<\/a><strong>\u00a0<\/strong>organiza una serie de 9 talleres educativos en los Mercados Municipales, capitaneados por <a href=\\\"http:\/\/www.chefpepo.com\/\\\" target=\\\"_blank\\\">Chef Pepo<\/a>, que se iniciar\u00e1n el s\u00e1bado 11 de febrero en el\u00a0<a href=\\\"\/es\/mercados\/mercados-de-madrid\/Mercados\/ficha\/014c5b6c049289a9928fab7696398e0e\/\\\" target=\\\"_blank\\\">Mercado de Santa Mar\u00eda de la Cabeza.<\/a><\/span><\/p>\n<p class=\\\"MsoNormal\\\" style=\\\"text-align: justify;\\\"><span lang=\\\"ES\\\" style=\\\"font-size: 12.0pt; line-height: 115%; mso-ansi-language: ES;\\\">El objetivo primordial de estos talleres es fomentar entre las familias, especialmente entre los m\u00e1s peque\u00f1os, h\u00e1bitos saludables para una alimentaci\u00f3n responsable, como una forma de prevenir y reducir la incidencia de enfermedades cardiovasculares. Y nuevamente los <a href=\\\"\/es\/mercados\\\" target=\\\"_blank\\\">Mercados Municipales<\/a>\u00a0se ofrecen como el espacio id\u00f3neo\u00a0 para ello. En esta ocasi\u00f3n cobrar\u00e1n especial protagonismo los carniceros y charcuteros de los mercados que ofrecer\u00e1n sus productos para la elaboraci\u00f3n de las recetas.<\/span><\/p>\n<p class=\\\"MsoNormal\\\" style=\\\"text-align: justify;\\\"><span lang=\\\"ES\\\" style=\\\"font-size: 12.0pt; line-height: 115%; mso-ansi-language: ES;\\\">Se trata de una excelente ocasi\u00f3n para que los m\u00e1s peque\u00f1os, entre 5 y 12 a\u00f1os, acompa\u00f1ados de sus padres disfruten aprendiendo a cocinar deliciosas y saludables recetas con carne de cerdo, descubriendo sus propiedades nutritivas y su versatilidad. Las recetas estar\u00e1n dise\u00f1adas por los cocineros del restaurante Montia, galardonado con una estrella Michelin, y estar\u00e1n supervisadas por el Dr. Javier Blumenfeld, Pediatra Endocrin\u00f3logo.<\/span><\/p>\n<p class=\\\"MsoNormal\\\" style=\\\"text-align: justify;\\\"><span lang=\\\"ES\\\" style=\\\"font-size: 12.0pt; line-height: 115%; mso-ansi-language: ES;\\\">En la organizaci\u00f3n de los talleres tambi\u00e9n han colaborado la Confederaci\u00f3n Espa\u00f1ola de Detallistas de la Carne (CEDERNE), la Universidad Rey Juan Carlos y su Observatorio para el Estudio y Desarrollo de Innovaciones en el \u00c1mbito Educativo.<\/span><\/p>\n<p class=\\\"MsoNormal\\\" style=\\\"text-align: justify;\\\"><span lang=\\\"ES\\\" style=\\\"font-size: 12.0pt; line-height: 115%; mso-ansi-language: ES;\\\">\u00a0<\/span>No te los puedes perder!!!!!!!!!!!<\/p>\n<p class=\\\"MsoNormal\\\" style=\\\"text-align: justify;\\\"><span lang=\\\"ES\\\" style=\\\"font-size: 12.0pt; line-height: 115%; mso-ansi-language: ES;\\\">\u00a0<\/span><strong><span lang=\\\"ES\\\" style=\\\"font-size: 12.0pt; line-height: 115%; mso-ansi-language: ES;\\\">S\u00e1bado 11 de febrero de 2017.<\/span><\/strong><\/p>\n<p class=\\\"MsoNormal\\\" style=\\\"text-align: justify;\\\"><strong><span lang=\\\"ES\\\" style=\\\"font-size: 12.0pt; line-height: 115%; mso-ansi-language: ES;\\\">Mercado Municipal de Santa Mar\u00eda de la Cabeza, Paseo de Santa Mar\u00eda de la Cabeza, n\u00ba 41.<\/span><\/strong><\/p>\n<p class=\\\"MsoNormal\\\" style=\\\"text-align: justify;\\\"><strong><span lang=\\\"ES\\\" style=\\\"font-size: 12.0pt; line-height: 115%; mso-ansi-language: ES;\\\">10:00: presentaci\u00f3n de los Talleres.<\/span><\/strong><\/p>\n<p class=\\\"MsoNormal\\\" style=\\\"text-align: justify;\\\"><strong><span lang=\\\"ES\\\" style=\\\"font-size: 12.0pt; line-height: 115%; mso-ansi-language: ES;\\\">Horario de las Talleres: 10:30, 11:30 y 12:30.<\/p>\n<p>\u00a1\u00a1\u00a1\u00a1\u00a1\u00a1Se ha completado el n\u00famero de participantes!!!<\/span><\/strong><\/p>\n<p class=\\\"MsoNormal\\\" style=\\\"text-align: justify;\\\">Puedes esperar a los nuevos talleres que se programen.<\/p>\n","protected":false},"excerpt":{"rendered":"<p>\u00a0<br \/>\nChef pepo cocinar\u00e1 una vez m\u00e1s en los Mercados Municipales. Con el apoyo&#8230;<\/p>\n","protected":false},"featured_media":7321,"template":"","meta":{"_acf_changed":false},"categories":[],"noticias":[],"class_list":["post-7320","noticias","type-noticias","status-publish","has-post-thumbnail","hentry"],"acf":[],"_links":{"self":[{"href":"https:\/\/test.madridemprende.anovagroup.es\/en\/wp-json\/wp\/v2\/noticias\/7320"}],"collection":[{"href":"https:\/\/test.madridemprende.anovagroup.es\/en\/wp-json\/wp\/v2\/noticias"}],"about":[{"href":"https:\/\/test.madridemprende.anovagroup.es\/en\/wp-json\/wp\/v2\/types\/noticias"}],"version-history":[{"count":0,"href":"https:\/\/test.madridemprende.anovagroup.es\/en\/wp-json\/wp\/v2\/noticias\/7320\/revisions"}],"wp:featuredmedia":[{"embeddable":true,"href":"https:\/\/test.madridemprende.anovagroup.es\/en\/wp-json\/wp\/v2\/media\/7321"}],"wp:attachment":[{"href":"https:\/\/test.madridemprende.anovagroup.es\/en\/wp-json\/wp\/v2\/media?parent=7320"}],"wp:term":[{"taxonomy":"category","embeddable":true,"href":"https:\/\/test.madridemprende.anovagroup.es\/en\/wp-json\/wp\/v2\/categories?post=7320"},{"taxonomy":"noticias","embeddable":true,"href":"https:\/\/test.madridemprende.anovagroup.es\/en\/wp-json\/wp\/v2\/noticias?post=7320"}],"curies":[{"name":"wp","href":"https:\/\/api.w.org\/{rel}","templated":true}]}}