{"id":7322,"date":"2017-02-07T00:00:00","date_gmt":"2017-02-07T00:00:00","guid":{"rendered":"https:\/\/pre.madridemprende.anovagroup.es\/noticias\/gastroletras-2017-ya-tiene-ganador\/"},"modified":"2022-06-08T11:24:37","modified_gmt":"2022-06-08T09:24:37","slug":"gastroletras-2017-ya-tiene-ganador","status":"publish","type":"noticias","link":"https:\/\/test.madridemprende.anovagroup.es\/en\/noticias\/gastroletras-2017-ya-tiene-ganador\/","title":{"rendered":"Gastroletras 2017 ya tiene ganador"},"content":{"rendered":"<p class=\\\"MsoNormal\\\" style=\\\"text-align: justify;\\\"><span lang=\\\"ES\\\" style=\\\"font-family: \\'Helvetica Neue\\';\\\">Finalizada la segunda edici\u00f3n del certamen gastro-art\u00edstico Gastroletras, organizado por la Asociaci\u00f3n de Hosteler\u00eda de Madrid LA VI\u00d1A con la colaboraci\u00f3n de Mahou San Miguel, de la Direcci\u00f3n General de Comercio y Emprendimiento del Ayuntamiento de Madrid y de la Asociaci\u00f3n de Comerciantes del Barrio de las Letras, se conocen ya los nombres de los ganadores de los distintos concursos puestos en marcha en esta iniciativa. <\/span><\/p>\n<p class=\\\"MsoNormal\\\" style=\\\"text-align: justify;\\\"><strong><span lang=\\\"ES\\\" style=\\\"font-family: \\'Helvetica Neue\\';\\\">De las 38 tapas presentadas por los participantes, \u201c\u00a1Oh, botella sin vino!\u201d, de La Taurina, ha resultado la m\u00e1s valorada por el p\u00fablico<\/span><\/strong><span lang=\\\"ES\\\" style=\\\"font-family: \\'Helvetica Neue\\';\\\">, seg\u00fan el escrutinio del total de votos emitidos a trav\u00e9s de la web <\/span><span lang=\\\"ES\\\"><a href=\\\"http:\/\/www.saborea-madrid.com\/\\\"><span style=\\\"font-family: \\'Helvetica Neue\\';\\\">www.saborea-madrid.com<\/span><\/a><\/span><span lang=\\\"ES\\\" style=\\\"font-family: \\'Helvetica Neue\\';\\\">. Se trata de un homenaje al poema hom\u00f3nimo del poeta peruano C\u00e9sar Vallejo en forma de carrillada de ib\u00e9rico estofada al vino tinto sobre pur\u00e9 de patata trufada. <\/span><\/p>\n<p class=\\\"MsoNormal\\\" style=\\\"text-align: justify;\\\"><span lang=\\\"ES\\\" style=\\\"font-family: \\'Helvetica Neue\\'; mso-bidi-font-weight: bold;\\\">Gastroletras 2017, cuyo hilo conductor ha sido la poes\u00eda, ha contado adem\u00e1s con la participaci\u00f3n popular en las variadas actividades culturales programadas, y muy especialmente en los concursos literarios. <strong>Al Primer Certamen de Poes\u00eda Gastroletras<\/strong> han concurrido obras llegadas de pa\u00edses tan diversos como Cuba, Ruman\u00eda, Venezuela, Portugal, Argentina y, por supuesto, Espa\u00f1a en su mayor\u00eda. De los m\u00e1s de 200 poemas de tem\u00e1tica gastron\u00f3mica recibidos, un jurado compuesto por el soci\u00f3logo, escritor y periodista Miguel \u00c1ngel Almod\u00f3var, el guionista, pintor y escritor \u00c1lvaro L\u00f3pez de Quintana y la agencia Vivavoce Comunicaci\u00f3n, han concedido el premio, dotado con 300 euros, a <strong>Cinta Cano Barbudo, por el poema \u201cHedonismos\u201d<\/strong>. La recompensa del concurso de Micropoemas, consistente en un vale de 50 euros para consumir en el establecimiento <a name=\\\"_GoBack\\\"><\/a>La Taurina, ganador de la tapa mejor valorada en la votaci\u00f3n popular, ha reca\u00eddo en el op\u00fasculo <strong>\u201cUn domingo cualquiera\u201d, de Justo S\u00e1nchez Fern\u00e1ndez<\/strong>.<\/span><\/p>\n<p class=\\\"MsoNormal\\\" style=\\\"text-align: justify;\\\">\u00a0<\/p>\n<p class=\\\"MsoNormal\\\" style=\\\"text-align: justify;\\\">\u00a0<\/p>\n","protected":false},"excerpt":{"rendered":"<p>Finalizada la segunda edici\u00f3n del certamen gastro-art\u00edstico Gastroletras,&#8230;<\/p>\n","protected":false},"featured_media":7323,"template":"","meta":{"_acf_changed":false},"categories":[],"noticias":[],"class_list":["post-7322","noticias","type-noticias","status-publish","has-post-thumbnail","hentry"],"acf":[],"_links":{"self":[{"href":"https:\/\/test.madridemprende.anovagroup.es\/en\/wp-json\/wp\/v2\/noticias\/7322"}],"collection":[{"href":"https:\/\/test.madridemprende.anovagroup.es\/en\/wp-json\/wp\/v2\/noticias"}],"about":[{"href":"https:\/\/test.madridemprende.anovagroup.es\/en\/wp-json\/wp\/v2\/types\/noticias"}],"version-history":[{"count":0,"href":"https:\/\/test.madridemprende.anovagroup.es\/en\/wp-json\/wp\/v2\/noticias\/7322\/revisions"}],"wp:featuredmedia":[{"embeddable":true,"href":"https:\/\/test.madridemprende.anovagroup.es\/en\/wp-json\/wp\/v2\/media\/7323"}],"wp:attachment":[{"href":"https:\/\/test.madridemprende.anovagroup.es\/en\/wp-json\/wp\/v2\/media?parent=7322"}],"wp:term":[{"taxonomy":"category","embeddable":true,"href":"https:\/\/test.madridemprende.anovagroup.es\/en\/wp-json\/wp\/v2\/categories?post=7322"},{"taxonomy":"noticias","embeddable":true,"href":"https:\/\/test.madridemprende.anovagroup.es\/en\/wp-json\/wp\/v2\/noticias?post=7322"}],"curies":[{"name":"wp","href":"https:\/\/api.w.org\/{rel}","templated":true}]}}