{"id":7358,"date":"2017-03-07T00:00:00","date_gmt":"2017-03-07T00:00:00","guid":{"rendered":"https:\/\/pre.madridemprende.anovagroup.es\/noticias\/el-mercado-de-las-ventas-se-renueva-integralmente\/"},"modified":"2022-06-08T11:24:32","modified_gmt":"2022-06-08T09:24:32","slug":"el-mercado-de-las-ventas-se-renueva-integralmente","status":"publish","type":"noticias","link":"https:\/\/test.madridemprende.anovagroup.es\/en\/noticias\/el-mercado-de-las-ventas-se-renueva-integralmente\/","title":{"rendered":"El Mercado de las Ventas se renueva integralmente"},"content":{"rendered":"<div style=\\\"text-align: justify;\\\">Inaugurado en 1935, el <strong><a href=\\\"http:\/\/www.mercadoventas.es\/\\\">Mercado de las Ventas<\/a><\/strong>\u00a0ha experimentado una remodelaci\u00f3n integral durante el a\u00f1o 2016. Tras la reforma se ha convertido en el segundo Mercado m\u00e1s grande de la Ciudad de Madrid. Con m\u00e1s de 80 a\u00f1os de existencia y m\u00e1s de 20 en el edificio actual, es ahora un espacio renovado a la vez que mantiene su car\u00e1cter de Mercado tradicional, en el que se conservan puestos que, heredados de padres a hijos, han estado presentes desde los a\u00f1os 30. Con un total de 74 puestos tras la renovaci\u00f3n, el Mercado es un referente en productos frescos de calidad.<\/div>\n<div style=\\\"text-align: justify;\\\">La remodelaci\u00f3n, que ha contado con una inversi\u00f3n inicial de 7 millones de euros, ha sido realizada por la nueva concesionaria del Mercado, la <strong>UTE Dreamfit-Expinmobel<\/strong> con el apoyo del <strong>Ayuntamiento de Madrid<\/strong>. Tras la reforma se ha mantenido la totalidad de los comercios que ya hab\u00eda, se han a\u00f1adido nuevos puestos tradicionales, y se ha implantado un supermercado <strong>AhorraM\u00e1s<\/strong> en la tercera planta y un <strong>gimnasio Dreamfit<\/strong> con m\u00e1s de 4.500 metros cuadrados, en la cuarta. Tambi\u00e9n se han realizado mejoras como el acondicionamiento de accesos, la <strong>accesibilidad para personas con movilidad reducida<\/strong>, o la conversi\u00f3n del Mercado en un <strong>espacio cardioprotegido que cuenta con desfibriladores<\/strong>.<\/div>\n<div style=\\\"text-align: justify;\\\">El acto de presentaci\u00f3n de la renovaci\u00f3n cont\u00f3 con la presencia de <strong>Manuela Carmena<\/strong>, <strong>Alcaldesa de Madrid<\/strong>, quien visit\u00f3 el Mercado acompa\u00f1ada de <strong>Concha D\u00edaz de Villegas<\/strong>, <strong>Directora General de Comercio y Emprendimiento<\/strong>, y por los administradores de la <strong>UTE Dreamfit-Expinmobel<\/strong>, <strong>Rafael Cecilio<\/strong> y <strong>Emilio Provencio<\/strong>.<\/div>\n<div style=\\\"text-align: justify;\\\">La Alcaldesa recalc\u00f3 la voluntad del Ayuntamiento de seguir apoyando este tipo de iniciativas y destac\u00f3 la vigencia del comercio de proximidad: \u201cCambiar\u00e1 la tecnolog\u00eda, pero seguiremos siendo los mismos. Desaparecer\u00e1 el dinero f\u00edsico, pagaremos con el m\u00f3vil, pero seguiremos comprando en el Mercado\u201d.\u00a0<\/div>\n","protected":false},"excerpt":{"rendered":"<p>Inaugurado en 1935, el Mercado de las Ventas\u00a0ha experimentado una&#8230;<\/p>\n","protected":false},"featured_media":7359,"template":"","meta":{"_acf_changed":false},"categories":[],"noticias":[],"class_list":["post-7358","noticias","type-noticias","status-publish","has-post-thumbnail","hentry"],"acf":[],"_links":{"self":[{"href":"https:\/\/test.madridemprende.anovagroup.es\/en\/wp-json\/wp\/v2\/noticias\/7358"}],"collection":[{"href":"https:\/\/test.madridemprende.anovagroup.es\/en\/wp-json\/wp\/v2\/noticias"}],"about":[{"href":"https:\/\/test.madridemprende.anovagroup.es\/en\/wp-json\/wp\/v2\/types\/noticias"}],"version-history":[{"count":0,"href":"https:\/\/test.madridemprende.anovagroup.es\/en\/wp-json\/wp\/v2\/noticias\/7358\/revisions"}],"wp:featuredmedia":[{"embeddable":true,"href":"https:\/\/test.madridemprende.anovagroup.es\/en\/wp-json\/wp\/v2\/media\/7359"}],"wp:attachment":[{"href":"https:\/\/test.madridemprende.anovagroup.es\/en\/wp-json\/wp\/v2\/media?parent=7358"}],"wp:term":[{"taxonomy":"category","embeddable":true,"href":"https:\/\/test.madridemprende.anovagroup.es\/en\/wp-json\/wp\/v2\/categories?post=7358"},{"taxonomy":"noticias","embeddable":true,"href":"https:\/\/test.madridemprende.anovagroup.es\/en\/wp-json\/wp\/v2\/noticias?post=7358"}],"curies":[{"name":"wp","href":"https:\/\/api.w.org\/{rel}","templated":true}]}}